{"id":44840,"date":"2018-12-07T09:51:39","date_gmt":"2018-12-07T12:51:39","guid":{"rendered":"https:\/\/eldiariodesanpedro.com.ar\/sitio\/?p=44840"},"modified":"2018-12-07T09:51:39","modified_gmt":"2018-12-07T12:51:39","slug":"dejo-la-camioneta-estacionada-para-ver-un-trabajo-y-cuando-volvio-ya-no-estaba","status":"publish","type":"post","link":"https:\/\/eldiariodesanpedro.com.ar\/sitio\/dejo-la-camioneta-estacionada-para-ver-un-trabajo-y-cuando-volvio-ya-no-estaba\/","title":{"rendered":"Dejo la camioneta estacionada para ver un trabajo y cuando volvi\u00f3 ya no estaba"},"content":{"rendered":"<p><!-- VideographyWP Plugin Message: Automatic video embedding prevented by plugin options. --><br \/>\nAs\u00ed fue como un hombre de 57 a\u00f1os de edad, que se dedica a la construcci\u00f3n, se dirigi\u00f3 a supervisar una obra que estaba realizando en un domicilio sobre calle  Olivera Cesar al 800. Dejo su camioneta estacionada y al egresar de la misma ya no estaba.<\/p>\n<p>El hecho ocurri\u00f3 sorprendentemente a pleno d\u00eda del jueves, pasadas las 14 hs, la camioneta era una Fiat Fiorino de color blanca donde ademas llevaba sus herramientas de trabajo.<\/p>\n<p>El hecho es investigado por la fiscalia en turno.<\/p>\n","protected":false},"excerpt":{"rendered":"<p>As\u00ed fue como un hombre de 57 a\u00f1os de edad, que se dedica a la construcci\u00f3n, se dirigi\u00f3 a supervisar una obra que estaba realizando en un domicilio sobre calle Olivera Cesar al 800. Dejo su camioneta estacionada y al egresar de la misma ya no estaba. El hecho ocurri\u00f3 sorprendentemente a pleno d\u00eda del [&hellip;]<\/p>\n","protected":false},"author":4,"featured_media":13372,"comment_status":"open","ping_status":"closed","sticky":false,"template":"","format":"standard","meta":{"om_disable_all_campaigns":false,"_jetpack_memberships_contains_paid_content":false,"footnotes":""},"categories":[2,103],"tags":[],"class_list":["post-44840","post","type-post","status-publish","format-standard","has-post-thumbnail","hentry","category-locales","category-policiales-locales"],"aioseo_notices":[],"gutentor_comment":0,"jetpack_featured_media_url":"https:\/\/eldiariodesanpedro.com.ar\/sitio\/wp-content\/uploads\/2017\/01\/Patrulla-4-e1485286120389.jpg","jetpack_shortlink":"https:\/\/wp.me\/p6RhLt-bFe","jetpack_sharing_enabled":true,"_links":{"self":[{"href":"https:\/\/eldiariodesanpedro.com.ar\/sitio\/wp-json\/wp\/v2\/posts\/44840","targetHints":{"allow":["GET"]}}],"collection":[{"href":"https:\/\/eldiariodesanpedro.com.ar\/sitio\/wp-json\/wp\/v2\/posts"}],"about":[{"href":"https:\/\/eldiariodesanpedro.com.ar\/sitio\/wp-json\/wp\/v2\/types\/post"}],"author":[{"embeddable":true,"href":"https:\/\/eldiariodesanpedro.com.ar\/sitio\/wp-json\/wp\/v2\/users\/4"}],"replies":[{"embeddable":true,"href":"https:\/\/eldiariodesanpedro.com.ar\/sitio\/wp-json\/wp\/v2\/comments?post=44840"}],"version-history":[{"count":1,"href":"https:\/\/eldiariodesanpedro.com.ar\/sitio\/wp-json\/wp\/v2\/posts\/44840\/revisions"}],"predecessor-version":[{"id":44841,"href":"https:\/\/eldiariodesanpedro.com.ar\/sitio\/wp-json\/wp\/v2\/posts\/44840\/revisions\/44841"}],"wp:featuredmedia":[{"embeddable":true,"href":"https:\/\/eldiariodesanpedro.com.ar\/sitio\/wp-json\/wp\/v2\/media\/13372"}],"wp:attachment":[{"href":"https:\/\/eldiariodesanpedro.com.ar\/sitio\/wp-json\/wp\/v2\/media?parent=44840"}],"wp:term":[{"taxonomy":"category","embeddable":true,"href":"https:\/\/eldiariodesanpedro.com.ar\/sitio\/wp-json\/wp\/v2\/categories?post=44840"},{"taxonomy":"post_tag","embeddable":true,"href":"https:\/\/eldiariodesanpedro.com.ar\/sitio\/wp-json\/wp\/v2\/tags?post=44840"}],"curies":[{"name":"wp","href":"https:\/\/api.w.org\/{rel}","templated":true}]}}