{"id":4484,"date":"2016-05-18T16:49:31","date_gmt":"2016-05-18T19:49:31","guid":{"rendered":"https:\/\/eldiariodesanpedro.com.ar\/sitio\/?p=4484"},"modified":"2016-05-18T18:15:19","modified_gmt":"2016-05-18T21:15:19","slug":"conductor-chocha-y-se-da-a-la-fuga","status":"publish","type":"post","link":"https:\/\/eldiariodesanpedro.com.ar\/sitio\/conductor-chocha-y-se-da-a-la-fuga\/","title":{"rendered":"Conductor chocha y se da a la fuga"},"content":{"rendered":"<p><!-- VideographyWP Plugin Message: Automatic video embedding prevented by plugin options. --><br \/>\nEn calle 25 de mayo y Gran. Pueyredon pasadas las 16:00 horas un veh\u00edculo Renault 12 gris conducido por un masculino colisiona a una moto Gilera Smash 110 en el cual viajaban dos menores de edad.  El veh\u00edculo identificado y visto por varios  testigos se da a la fuga. En estos momentos la polic\u00eda ya tiene identificado al veh\u00edculo y se lo encuentra rastreandolo en la ciudad.  Los j\u00f3venes fueron trasladados al hospital Emilio Ruffa sufriendo heridas leves. <\/p>\n","protected":false},"excerpt":{"rendered":"<p>En calle 25 de mayo y Gran. Pueyredon pasadas las 16:00 horas un veh\u00edculo Renault 12 gris conducido por un masculino colisiona a una moto Gilera Smash 110 en el cual viajaban dos menores de edad. El veh\u00edculo identificado y visto por varios testigos se da a la fuga. En estos momentos la polic\u00eda ya [&hellip;]<\/p>\n","protected":false},"author":4,"featured_media":4487,"comment_status":"open","ping_status":"closed","sticky":false,"template":"","format":"standard","meta":{"om_disable_all_campaigns":false,"_jetpack_memberships_contains_paid_content":false,"footnotes":""},"categories":[50,2,103],"tags":[],"class_list":["post-4484","post","type-post","status-publish","format-standard","has-post-thumbnail","hentry","category-destacadas","category-locales","category-policiales-locales"],"aioseo_notices":[],"gutentor_comment":0,"jetpack_featured_media_url":"https:\/\/eldiariodesanpedro.com.ar\/sitio\/wp-content\/uploads\/2016\/05\/IMG_20160518_162906255-1.jpg","jetpack_shortlink":"https:\/\/wp.me\/p6RhLt-1ak","jetpack_sharing_enabled":true,"_links":{"self":[{"href":"https:\/\/eldiariodesanpedro.com.ar\/sitio\/wp-json\/wp\/v2\/posts\/4484","targetHints":{"allow":["GET"]}}],"collection":[{"href":"https:\/\/eldiariodesanpedro.com.ar\/sitio\/wp-json\/wp\/v2\/posts"}],"about":[{"href":"https:\/\/eldiariodesanpedro.com.ar\/sitio\/wp-json\/wp\/v2\/types\/post"}],"author":[{"embeddable":true,"href":"https:\/\/eldiariodesanpedro.com.ar\/sitio\/wp-json\/wp\/v2\/users\/4"}],"replies":[{"embeddable":true,"href":"https:\/\/eldiariodesanpedro.com.ar\/sitio\/wp-json\/wp\/v2\/comments?post=4484"}],"version-history":[{"count":3,"href":"https:\/\/eldiariodesanpedro.com.ar\/sitio\/wp-json\/wp\/v2\/posts\/4484\/revisions"}],"predecessor-version":[{"id":4490,"href":"https:\/\/eldiariodesanpedro.com.ar\/sitio\/wp-json\/wp\/v2\/posts\/4484\/revisions\/4490"}],"wp:featuredmedia":[{"embeddable":true,"href":"https:\/\/eldiariodesanpedro.com.ar\/sitio\/wp-json\/wp\/v2\/media\/4487"}],"wp:attachment":[{"href":"https:\/\/eldiariodesanpedro.com.ar\/sitio\/wp-json\/wp\/v2\/media?parent=4484"}],"wp:term":[{"taxonomy":"category","embeddable":true,"href":"https:\/\/eldiariodesanpedro.com.ar\/sitio\/wp-json\/wp\/v2\/categories?post=4484"},{"taxonomy":"post_tag","embeddable":true,"href":"https:\/\/eldiariodesanpedro.com.ar\/sitio\/wp-json\/wp\/v2\/tags?post=4484"}],"curies":[{"name":"wp","href":"https:\/\/api.w.org\/{rel}","templated":true}]}}