{"id":44838,"date":"2018-12-07T09:38:36","date_gmt":"2018-12-07T12:38:36","guid":{"rendered":"https:\/\/eldiariodesanpedro.com.ar\/sitio\/?p=44838"},"modified":"2018-12-07T09:38:36","modified_gmt":"2018-12-07T12:38:36","slug":"cinco-personas-aprehendidas-por-hechos-de-dano-y-circular-en-motos-con-pedido-de-secuestro-activo","status":"publish","type":"post","link":"https:\/\/eldiariodesanpedro.com.ar\/sitio\/cinco-personas-aprehendidas-por-hechos-de-dano-y-circular-en-motos-con-pedido-de-secuestro-activo\/","title":{"rendered":"Cinco personas aprehendidas por hechos de da\u00f1o y circular en motos con pedido de secuestro activo"},"content":{"rendered":"<p><!-- VideographyWP Plugin Message: Automatic video embedding prevented by plugin options. --><br \/>\nEl parte de prensa policial que detalla el jefe de la comisaria local, el comisario Andres Galiano, trata de dos hechos de da\u00f1os que fueron aprehendidos sus agresores, provocados en un autom\u00f3vil y el otro en las puertas de una oficina. Ademas hubo dos personas aprehendidas por circular en motos con pedido de secuestro activo y una por tener pedido de captura activo. Todos a trasladados a la dependencia a la espera de la intervenci\u00f3n de la Fiscalia de turno.<\/p>\n<p>Por la tarde del jueves, tras operativos de interceptacion vehicular, personal aprehendi\u00f3 sobre calle Laprida al 2500, un joven de 24 que circulaba en una Zanella 50 cc, la cual registra pedido de secuestro activo por el hecho de hurto del a\u00f1o 2006 a requerimiento e la justicia de San Isidro. Tambi\u00e9n un menor de edad fue aprehendido por conducir una Konisa 110 cc que tenia pedido de secuestro activo del a\u00f1o 2007 por el hecho de hurto, a requerimiento de la polic\u00eda de Santa Fe.<\/p>\n<p>En la localidad vecina de Rio Tala, un ciudadano de 50, fue trasladado a la dependencia local por poseer pedido de paradero activo por una  causa judicial que se tratar\u00eda de lesiones culposas a requerimiento por Juzgado de Transici\u00f3n N\u00b02 de San Nicol\u00e1s. <\/p>\n<p>Los hechos de da\u00f1os denunciados fueron producidos el primero sobre calle 11 de Septiembre y Davila, cuando un joven de 26, rompe partes de un autom\u00f3vil que se encontraba estacionado en la v\u00eda publica marca Volskwagen Gol, quien el propietario dice desconocer al agresor. <\/p>\n<p>Luego en una de las oficinas ubicadas en predio Los Naranjos sita Balcarce 66, un hombre mayor de edad provoca da\u00f1os en las puertas. Tras r\u00e1pido accionar de la polic\u00eda fue aprehendido minutos despu\u00e9s. <\/p>\n<p>Por ultimo un hecho de amenaza fue denunciado por una mujer de 45, se encontraba en las afueras del centro de salud de la Tosquera y fue intimidada con amenazas de muerte por una vecina que tiene problemas de larga data. <\/p>\n","protected":false},"excerpt":{"rendered":"<p>El parte de prensa policial que detalla el jefe de la comisaria local, el comisario Andres Galiano, trata de dos hechos de da\u00f1os que fueron aprehendidos sus agresores, provocados en un autom\u00f3vil y el otro en las puertas de una oficina. Ademas hubo dos personas aprehendidas por circular en motos con pedido de secuestro activo [&hellip;]<\/p>\n","protected":false},"author":4,"featured_media":16989,"comment_status":"open","ping_status":"closed","sticky":false,"template":"","format":"standard","meta":{"om_disable_all_campaigns":false,"_jetpack_memberships_contains_paid_content":false,"footnotes":""},"categories":[2,103],"tags":[],"class_list":["post-44838","post","type-post","status-publish","format-standard","has-post-thumbnail","hentry","category-locales","category-policiales-locales"],"aioseo_notices":[],"gutentor_comment":0,"jetpack_featured_media_url":"https:\/\/eldiariodesanpedro.com.ar\/sitio\/wp-content\/uploads\/2017\/04\/DSC_0221-e1492514769862.jpg","jetpack_shortlink":"https:\/\/wp.me\/p6RhLt-bFc","jetpack_sharing_enabled":true,"_links":{"self":[{"href":"https:\/\/eldiariodesanpedro.com.ar\/sitio\/wp-json\/wp\/v2\/posts\/44838","targetHints":{"allow":["GET"]}}],"collection":[{"href":"https:\/\/eldiariodesanpedro.com.ar\/sitio\/wp-json\/wp\/v2\/posts"}],"about":[{"href":"https:\/\/eldiariodesanpedro.com.ar\/sitio\/wp-json\/wp\/v2\/types\/post"}],"author":[{"embeddable":true,"href":"https:\/\/eldiariodesanpedro.com.ar\/sitio\/wp-json\/wp\/v2\/users\/4"}],"replies":[{"embeddable":true,"href":"https:\/\/eldiariodesanpedro.com.ar\/sitio\/wp-json\/wp\/v2\/comments?post=44838"}],"version-history":[{"count":1,"href":"https:\/\/eldiariodesanpedro.com.ar\/sitio\/wp-json\/wp\/v2\/posts\/44838\/revisions"}],"predecessor-version":[{"id":44839,"href":"https:\/\/eldiariodesanpedro.com.ar\/sitio\/wp-json\/wp\/v2\/posts\/44838\/revisions\/44839"}],"wp:featuredmedia":[{"embeddable":true,"href":"https:\/\/eldiariodesanpedro.com.ar\/sitio\/wp-json\/wp\/v2\/media\/16989"}],"wp:attachment":[{"href":"https:\/\/eldiariodesanpedro.com.ar\/sitio\/wp-json\/wp\/v2\/media?parent=44838"}],"wp:term":[{"taxonomy":"category","embeddable":true,"href":"https:\/\/eldiariodesanpedro.com.ar\/sitio\/wp-json\/wp\/v2\/categories?post=44838"},{"taxonomy":"post_tag","embeddable":true,"href":"https:\/\/eldiariodesanpedro.com.ar\/sitio\/wp-json\/wp\/v2\/tags?post=44838"}],"curies":[{"name":"wp","href":"https:\/\/api.w.org\/{rel}","templated":true}]}}