{"id":44801,"date":"2018-12-06T19:56:00","date_gmt":"2018-12-06T22:56:00","guid":{"rendered":"https:\/\/eldiariodesanpedro.com.ar\/sitio\/?p=44801"},"modified":"2018-12-06T19:56:00","modified_gmt":"2018-12-06T22:56:00","slug":"vecinos-quemaron-gomas-para-pedir-que-se-coloquen-badenes-tras-grave-accidente","status":"publish","type":"post","link":"https:\/\/eldiariodesanpedro.com.ar\/sitio\/vecinos-quemaron-gomas-para-pedir-que-se-coloquen-badenes-tras-grave-accidente\/","title":{"rendered":"Vecinos quemaron gomas para pedir que se coloquen badenes tras grave accidente"},"content":{"rendered":"<p><!-- VideographyWP Plugin Message: Automatic video embedding prevented by plugin options. --><br \/>\nSucedi\u00f3 esta tarde cuando un grupo de vecinos del barrio Cruz Roja cortaron la calle a la altura de Saavedra al 2000, prendiendo fuego neumaticos para pedir la colocaci\u00f3n de lomas de burro y que las motos que circulen a baja velocidad. Hace tres dias un ni\u00f1o de 7 a\u00f1os recibi\u00f3 el impacto de una de ellas y el conductor se dio a la fuga dejando al nene abandonado siendo trasladado al hospital con fracturas en su cuerpo.<\/p>\n<p>El hecho se produjo el martes, cuando Alexander, un ni\u00f1o de 7 a\u00f1os de edad, caminaba junto a su mama por la calzada. De repente un joven que circulaba en una motocicleta a alta velocidad lo impacta de atr\u00e1s y se da a la fuga.<\/p>\n<p>El ni\u00f1o fue trasladado por la ambulancia del SAME al Hospital con golpes de car\u00e1cter grave en partes de su cuerpo y fractura de f\u00e9mur que hoy va a ser trasladado a un centro de especialidad para la colocaci\u00f3n de una pr\u00f3tesis.<\/p>\n<p>\u00abLo dejo tirado como un perro a mi hijo, me lo choco y se fue, hicimos la denuncia, ya sabemos quien es, me lo cruzo siempre ac\u00e1 en el barrio, anda drogado en la moto, y la polic\u00eda no lo detiene\u00bb cont\u00f3 Romina mam\u00e1 de Alexander a este medio.<\/p>\n<p>El Secretario de Seguridad Eduardo Rolleri se hizo presente acompa\u00f1ado por el Director de Coordinaci\u00f3n Policial, Juan Carlos Ag\u00fcero y se comprometi\u00f3 a dar una soluci\u00f3n a la demanda, se colocar\u00edan al menos tres reductores de velocidad.<\/p>\n<div data-carousel-extra='{&quot;blog_id&quot;:1,&quot;permalink&quot;:&quot;https:\/\/eldiariodesanpedro.com.ar\/sitio\/vecinos-quemaron-gomas-para-pedir-que-se-coloquen-badenes-tras-grave-accidente\/&quot;}' id='gallery-1' class='gallery galleryid-44801 gallery-columns-3 gallery-size-large'><figure class='gallery-item'>\n\t\t\t<div class='gallery-icon landscape'>\n\t\t\t\t<a href='https:\/\/eldiariodesanpedro.com.ar\/sitio\/wp-content\/uploads\/2018\/12\/WhatsApp-Image-2018-12-06-at-17.50.01-1.jpeg'><img decoding=\"async\" width=\"640\" height=\"480\" data-src=\"https:\/\/eldiariodesanpedro.com.ar\/sitio\/wp-content\/uploads\/2018\/12\/WhatsApp-Image-2018-12-06-at-17.50.01-1-1024x768.jpeg\" class=\"attachment-large size-large lazyload\" alt=\"El Diario de San Pedro | Noticias locales y regionales\" data-srcset=\"https:\/\/eldiariodesanpedro.com.ar\/sitio\/wp-content\/uploads\/2018\/12\/WhatsApp-Image-2018-12-06-at-17.50.01-1-1024x768.jpeg 1024w, https:\/\/eldiariodesanpedro.com.ar\/sitio\/wp-content\/uploads\/2018\/12\/WhatsApp-Image-2018-12-06-at-17.50.01-1-300x225.jpeg 300w, https:\/\/eldiariodesanpedro.com.ar\/sitio\/wp-content\/uploads\/2018\/12\/WhatsApp-Image-2018-12-06-at-17.50.01-1-768x576.jpeg 768w, https:\/\/eldiariodesanpedro.com.ar\/sitio\/wp-content\/uploads\/2018\/12\/WhatsApp-Image-2018-12-06-at-17.50.01-1.jpeg 1040w\" data-sizes=\"(max-width: 640px) 100vw, 640px\" data-attachment-id=\"44804\" data-permalink=\"https:\/\/eldiariodesanpedro.com.ar\/sitio\/vecinos-quemaron-gomas-para-pedir-que-se-coloquen-badenes-tras-grave-accidente\/whatsapp-image-2018-12-06-at-17-50-01-1\/\" data-orig-file=\"https:\/\/eldiariodesanpedro.com.ar\/sitio\/wp-content\/uploads\/2018\/12\/WhatsApp-Image-2018-12-06-at-17.50.01-1.jpeg\" data-orig-size=\"1040,780\" data-comments-opened=\"1\" data-image-meta=\"{&quot;aperture&quot;:&quot;0&quot;,&quot;credit&quot;:&quot;&quot;,&quot;camera&quot;:&quot;&quot;,&quot;caption&quot;:&quot;&quot;,&quot;created_timestamp&quot;:&quot;0&quot;,&quot;copyright&quot;:&quot;&quot;,&quot;focal_length&quot;:&quot;0&quot;,&quot;iso&quot;:&quot;0&quot;,&quot;shutter_speed&quot;:&quot;0&quot;,&quot;title&quot;:&quot;&quot;,&quot;orientation&quot;:&quot;0&quot;}\" data-image-title=\"WhatsApp Image 2018-12-06 at 17.50.01 (1)\" data-image-description=\"\" data-image-caption=\"\" data-large-file=\"https:\/\/eldiariodesanpedro.com.ar\/sitio\/wp-content\/uploads\/2018\/12\/WhatsApp-Image-2018-12-06-at-17.50.01-1-1024x768.jpeg\" src=\"data:image\/svg+xml;base64,PHN2ZyB3aWR0aD0iMSIgaGVpZ2h0PSIxIiB4bWxucz0iaHR0cDovL3d3dy53My5vcmcvMjAwMC9zdmciPjwvc3ZnPg==\" style=\"--smush-placeholder-width: 640px; --smush-placeholder-aspect-ratio: 640\/480;\" \/><\/a>\n\t\t\t<\/div><\/figure><figure class='gallery-item'>\n\t\t\t<div class='gallery-icon landscape'>\n\t\t\t\t<a href='https:\/\/eldiariodesanpedro.com.ar\/sitio\/wp-content\/uploads\/2018\/12\/WhatsApp-Image-2018-12-06-at-17.50.03.jpeg'><img decoding=\"async\" width=\"640\" height=\"480\" data-src=\"https:\/\/eldiariodesanpedro.com.ar\/sitio\/wp-content\/uploads\/2018\/12\/WhatsApp-Image-2018-12-06-at-17.50.03-1024x768.jpeg\" class=\"attachment-large size-large lazyload\" alt=\"El Diario de San Pedro | Noticias locales y regionales\" data-srcset=\"https:\/\/eldiariodesanpedro.com.ar\/sitio\/wp-content\/uploads\/2018\/12\/WhatsApp-Image-2018-12-06-at-17.50.03-1024x768.jpeg 1024w, https:\/\/eldiariodesanpedro.com.ar\/sitio\/wp-content\/uploads\/2018\/12\/WhatsApp-Image-2018-12-06-at-17.50.03-300x225.jpeg 300w, https:\/\/eldiariodesanpedro.com.ar\/sitio\/wp-content\/uploads\/2018\/12\/WhatsApp-Image-2018-12-06-at-17.50.03-768x576.jpeg 768w, https:\/\/eldiariodesanpedro.com.ar\/sitio\/wp-content\/uploads\/2018\/12\/WhatsApp-Image-2018-12-06-at-17.50.03.jpeg 1040w\" data-sizes=\"(max-width: 640px) 100vw, 640px\" data-attachment-id=\"44806\" data-permalink=\"https:\/\/eldiariodesanpedro.com.ar\/sitio\/vecinos-quemaron-gomas-para-pedir-que-se-coloquen-badenes-tras-grave-accidente\/whatsapp-image-2018-12-06-at-17-50-03\/\" data-orig-file=\"https:\/\/eldiariodesanpedro.com.ar\/sitio\/wp-content\/uploads\/2018\/12\/WhatsApp-Image-2018-12-06-at-17.50.03.jpeg\" data-orig-size=\"1040,780\" data-comments-opened=\"1\" data-image-meta=\"{&quot;aperture&quot;:&quot;0&quot;,&quot;credit&quot;:&quot;&quot;,&quot;camera&quot;:&quot;&quot;,&quot;caption&quot;:&quot;&quot;,&quot;created_timestamp&quot;:&quot;0&quot;,&quot;copyright&quot;:&quot;&quot;,&quot;focal_length&quot;:&quot;0&quot;,&quot;iso&quot;:&quot;0&quot;,&quot;shutter_speed&quot;:&quot;0&quot;,&quot;title&quot;:&quot;&quot;,&quot;orientation&quot;:&quot;0&quot;}\" data-image-title=\"WhatsApp Image 2018-12-06 at 17.50.03\" data-image-description=\"\" data-image-caption=\"\" data-large-file=\"https:\/\/eldiariodesanpedro.com.ar\/sitio\/wp-content\/uploads\/2018\/12\/WhatsApp-Image-2018-12-06-at-17.50.03-1024x768.jpeg\" src=\"data:image\/svg+xml;base64,PHN2ZyB3aWR0aD0iMSIgaGVpZ2h0PSIxIiB4bWxucz0iaHR0cDovL3d3dy53My5vcmcvMjAwMC9zdmciPjwvc3ZnPg==\" style=\"--smush-placeholder-width: 640px; --smush-placeholder-aspect-ratio: 640\/480;\" \/><\/a>\n\t\t\t<\/div><\/figure><figure class='gallery-item'>\n\t\t\t<div class='gallery-icon landscape'>\n\t\t\t\t<a href='https:\/\/eldiariodesanpedro.com.ar\/sitio\/wp-content\/uploads\/2018\/12\/WhatsApp-Image-2018-12-06-at-17.50.01.jpeg'><img decoding=\"async\" width=\"640\" height=\"480\" data-src=\"https:\/\/eldiariodesanpedro.com.ar\/sitio\/wp-content\/uploads\/2018\/12\/WhatsApp-Image-2018-12-06-at-17.50.01-1024x768.jpeg\" class=\"attachment-large size-large lazyload\" alt=\"El Diario de San Pedro | Noticias locales y regionales\" data-srcset=\"https:\/\/eldiariodesanpedro.com.ar\/sitio\/wp-content\/uploads\/2018\/12\/WhatsApp-Image-2018-12-06-at-17.50.01-1024x768.jpeg 1024w, https:\/\/eldiariodesanpedro.com.ar\/sitio\/wp-content\/uploads\/2018\/12\/WhatsApp-Image-2018-12-06-at-17.50.01-300x225.jpeg 300w, https:\/\/eldiariodesanpedro.com.ar\/sitio\/wp-content\/uploads\/2018\/12\/WhatsApp-Image-2018-12-06-at-17.50.01-768x576.jpeg 768w, https:\/\/eldiariodesanpedro.com.ar\/sitio\/wp-content\/uploads\/2018\/12\/WhatsApp-Image-2018-12-06-at-17.50.01.jpeg 1040w\" data-sizes=\"(max-width: 640px) 100vw, 640px\" data-attachment-id=\"44805\" data-permalink=\"https:\/\/eldiariodesanpedro.com.ar\/sitio\/vecinos-quemaron-gomas-para-pedir-que-se-coloquen-badenes-tras-grave-accidente\/whatsapp-image-2018-12-06-at-17-50-01\/\" data-orig-file=\"https:\/\/eldiariodesanpedro.com.ar\/sitio\/wp-content\/uploads\/2018\/12\/WhatsApp-Image-2018-12-06-at-17.50.01.jpeg\" data-orig-size=\"1040,780\" data-comments-opened=\"1\" data-image-meta=\"{&quot;aperture&quot;:&quot;0&quot;,&quot;credit&quot;:&quot;&quot;,&quot;camera&quot;:&quot;&quot;,&quot;caption&quot;:&quot;&quot;,&quot;created_timestamp&quot;:&quot;0&quot;,&quot;copyright&quot;:&quot;&quot;,&quot;focal_length&quot;:&quot;0&quot;,&quot;iso&quot;:&quot;0&quot;,&quot;shutter_speed&quot;:&quot;0&quot;,&quot;title&quot;:&quot;&quot;,&quot;orientation&quot;:&quot;0&quot;}\" data-image-title=\"WhatsApp Image 2018-12-06 at 17.50.01\" data-image-description=\"\" data-image-caption=\"\" data-large-file=\"https:\/\/eldiariodesanpedro.com.ar\/sitio\/wp-content\/uploads\/2018\/12\/WhatsApp-Image-2018-12-06-at-17.50.01-1024x768.jpeg\" src=\"data:image\/svg+xml;base64,PHN2ZyB3aWR0aD0iMSIgaGVpZ2h0PSIxIiB4bWxucz0iaHR0cDovL3d3dy53My5vcmcvMjAwMC9zdmciPjwvc3ZnPg==\" style=\"--smush-placeholder-width: 640px; --smush-placeholder-aspect-ratio: 640\/480;\" \/><\/a>\n\t\t\t<\/div><\/figure><figure class='gallery-item'>\n\t\t\t<div class='gallery-icon landscape'>\n\t\t\t\t<a href='https:\/\/eldiariodesanpedro.com.ar\/sitio\/wp-content\/uploads\/2018\/12\/WhatsApp-Image-2018-12-06-at-17.50.00.jpeg'><img decoding=\"async\" width=\"640\" height=\"480\" data-src=\"https:\/\/eldiariodesanpedro.com.ar\/sitio\/wp-content\/uploads\/2018\/12\/WhatsApp-Image-2018-12-06-at-17.50.00-1024x768.jpeg\" class=\"attachment-large size-large lazyload\" alt=\"El Diario de San Pedro | Noticias locales y regionales\" data-srcset=\"https:\/\/eldiariodesanpedro.com.ar\/sitio\/wp-content\/uploads\/2018\/12\/WhatsApp-Image-2018-12-06-at-17.50.00-1024x768.jpeg 1024w, https:\/\/eldiariodesanpedro.com.ar\/sitio\/wp-content\/uploads\/2018\/12\/WhatsApp-Image-2018-12-06-at-17.50.00-300x225.jpeg 300w, https:\/\/eldiariodesanpedro.com.ar\/sitio\/wp-content\/uploads\/2018\/12\/WhatsApp-Image-2018-12-06-at-17.50.00-768x576.jpeg 768w, https:\/\/eldiariodesanpedro.com.ar\/sitio\/wp-content\/uploads\/2018\/12\/WhatsApp-Image-2018-12-06-at-17.50.00.jpeg 1040w\" data-sizes=\"(max-width: 640px) 100vw, 640px\" data-attachment-id=\"44803\" data-permalink=\"https:\/\/eldiariodesanpedro.com.ar\/sitio\/vecinos-quemaron-gomas-para-pedir-que-se-coloquen-badenes-tras-grave-accidente\/whatsapp-image-2018-12-06-at-17-50-00\/\" data-orig-file=\"https:\/\/eldiariodesanpedro.com.ar\/sitio\/wp-content\/uploads\/2018\/12\/WhatsApp-Image-2018-12-06-at-17.50.00.jpeg\" data-orig-size=\"1040,780\" data-comments-opened=\"1\" data-image-meta=\"{&quot;aperture&quot;:&quot;0&quot;,&quot;credit&quot;:&quot;&quot;,&quot;camera&quot;:&quot;&quot;,&quot;caption&quot;:&quot;&quot;,&quot;created_timestamp&quot;:&quot;0&quot;,&quot;copyright&quot;:&quot;&quot;,&quot;focal_length&quot;:&quot;0&quot;,&quot;iso&quot;:&quot;0&quot;,&quot;shutter_speed&quot;:&quot;0&quot;,&quot;title&quot;:&quot;&quot;,&quot;orientation&quot;:&quot;0&quot;}\" data-image-title=\"WhatsApp Image 2018-12-06 at 17.50.00\" data-image-description=\"\" data-image-caption=\"\" data-large-file=\"https:\/\/eldiariodesanpedro.com.ar\/sitio\/wp-content\/uploads\/2018\/12\/WhatsApp-Image-2018-12-06-at-17.50.00-1024x768.jpeg\" src=\"data:image\/svg+xml;base64,PHN2ZyB3aWR0aD0iMSIgaGVpZ2h0PSIxIiB4bWxucz0iaHR0cDovL3d3dy53My5vcmcvMjAwMC9zdmciPjwvc3ZnPg==\" style=\"--smush-placeholder-width: 640px; --smush-placeholder-aspect-ratio: 640\/480;\" \/><\/a>\n\t\t\t<\/div><\/figure>\n\t\t<\/div>\n\n","protected":false},"excerpt":{"rendered":"<p>Sucedi\u00f3 esta tarde cuando un grupo de vecinos del barrio Cruz Roja cortaron la calle a la altura de Saavedra al 2000, prendiendo fuego neumaticos para pedir la colocaci\u00f3n de lomas de burro y que las motos que circulen a baja velocidad. Hace tres dias un ni\u00f1o de 7 a\u00f1os recibi\u00f3 el impacto de una [&hellip;]<\/p>\n","protected":false},"author":4,"featured_media":44806,"comment_status":"open","ping_status":"closed","sticky":false,"template":"","format":"standard","meta":{"om_disable_all_campaigns":false,"_jetpack_memberships_contains_paid_content":false,"footnotes":""},"categories":[50,2,103],"tags":[],"class_list":["post-44801","post","type-post","status-publish","format-standard","has-post-thumbnail","hentry","category-destacadas","category-locales","category-policiales-locales"],"aioseo_notices":[],"gutentor_comment":0,"jetpack_featured_media_url":"https:\/\/eldiariodesanpedro.com.ar\/sitio\/wp-content\/uploads\/2018\/12\/WhatsApp-Image-2018-12-06-at-17.50.03.jpeg","jetpack_shortlink":"https:\/\/wp.me\/p6RhLt-bEB","jetpack_sharing_enabled":true,"_links":{"self":[{"href":"https:\/\/eldiariodesanpedro.com.ar\/sitio\/wp-json\/wp\/v2\/posts\/44801","targetHints":{"allow":["GET"]}}],"collection":[{"href":"https:\/\/eldiariodesanpedro.com.ar\/sitio\/wp-json\/wp\/v2\/posts"}],"about":[{"href":"https:\/\/eldiariodesanpedro.com.ar\/sitio\/wp-json\/wp\/v2\/types\/post"}],"author":[{"embeddable":true,"href":"https:\/\/eldiariodesanpedro.com.ar\/sitio\/wp-json\/wp\/v2\/users\/4"}],"replies":[{"embeddable":true,"href":"https:\/\/eldiariodesanpedro.com.ar\/sitio\/wp-json\/wp\/v2\/comments?post=44801"}],"version-history":[{"count":1,"href":"https:\/\/eldiariodesanpedro.com.ar\/sitio\/wp-json\/wp\/v2\/posts\/44801\/revisions"}],"predecessor-version":[{"id":44807,"href":"https:\/\/eldiariodesanpedro.com.ar\/sitio\/wp-json\/wp\/v2\/posts\/44801\/revisions\/44807"}],"wp:featuredmedia":[{"embeddable":true,"href":"https:\/\/eldiariodesanpedro.com.ar\/sitio\/wp-json\/wp\/v2\/media\/44806"}],"wp:attachment":[{"href":"https:\/\/eldiariodesanpedro.com.ar\/sitio\/wp-json\/wp\/v2\/media?parent=44801"}],"wp:term":[{"taxonomy":"category","embeddable":true,"href":"https:\/\/eldiariodesanpedro.com.ar\/sitio\/wp-json\/wp\/v2\/categories?post=44801"},{"taxonomy":"post_tag","embeddable":true,"href":"https:\/\/eldiariodesanpedro.com.ar\/sitio\/wp-json\/wp\/v2\/tags?post=44801"}],"curies":[{"name":"wp","href":"https:\/\/api.w.org\/{rel}","templated":true}]}}