{"id":44788,"date":"2018-12-06T11:42:36","date_gmt":"2018-12-06T14:42:36","guid":{"rendered":"https:\/\/eldiariodesanpedro.com.ar\/sitio\/?p=44788"},"modified":"2018-12-06T11:42:36","modified_gmt":"2018-12-06T14:42:36","slug":"zarate-el-municipio-de-zarate-coloco-equipos-de-paneles-solares-en-la-casa-de-cinco-familias-del-sector-insular","status":"publish","type":"post","link":"https:\/\/eldiariodesanpedro.com.ar\/sitio\/zarate-el-municipio-de-zarate-coloco-equipos-de-paneles-solares-en-la-casa-de-cinco-familias-del-sector-insular\/","title":{"rendered":"ZARATE: El Municipio de Z\u00e1rate coloc\u00f3 equipos de paneles solares en la casa de cinco familias del sector insular"},"content":{"rendered":"<p><!-- VideographyWP Plugin Message: Automatic video embedding prevented by plugin options. --><br \/>\nEl Municipio de Z\u00e1rate, a trav\u00e9s de su Programa Presupuesto Participativo, coloc\u00f3 equipos de paneles solares en la casa de cinco familias del sector insular que no tienen acceso a la energ\u00eda el\u00e9ctrica por su ubicaci\u00f3n.<\/p>\n<p>El programa municipal de participaci\u00f3n ciudadana pone a discusi\u00f3n con los vecinos del partido de Z\u00e1rate el 1,9% del presupuesto anual. Este monto de dinero se otorga a los conjuntos de barrios aplicando un coeficiente basado en la justicia social, para que de esta manera el reparto de dinero sea igualitario seg\u00fan las necesidades.<\/p>\n<p>El proyecto \u201cUn rayo de luz\u201d de Presupuesto Participativo surgi\u00f3 de la propuesta de los vecinos que participaron de las reuniones llevadas a cabo en el sector insular del Partido.<\/p>\n<p>Durante la etapa de diagn\u00f3stico, los vecinos participantes de la Isla que asistieron a las asambleas de Presupuesto Participativo manifestaron durante los debates su preocupaci\u00f3n por la falta de tendido el\u00e9ctrico en el territorio insular, las distancias que recorren a diario para conseguir agua y c\u00f3mo estos condicionantes afectan directamente en su actividad econ\u00f3mica.<\/p>\n<p>Despu\u00e9s de varios debates sobre las distintas propuestas que fueron surgiendo, se proyect\u00f3 la colocaci\u00f3n de paneles solares con el objetivo de reducir los costos de combustible que las familias afrontan para alimentar un generador el\u00e9ctrico.<\/p>\n<p>Esta propuesta pas\u00f3 por un estudio de viabilidad con t\u00e9cnicos municipales para garantizar a los vecinos que el proyecto era factible de realizar, que las condiciones t\u00e9cnicas y econ\u00f3micas estaban garantizadas. Al momento de otorgar los equipos, los vecinos beneficiarios recibieron una serie de instrucciones sobre su correcta utilizaci\u00f3n y se firm\u00f3 un comodato de 25 a\u00f1os entre el Municipio y la familia favorecida por esta iniciativa surgida del proyecto ciudadano.<br \/>\nA lo largo del \u00faltimo a\u00f1o, el Municipio de Z\u00e1rate a trav\u00e9s de Presupuesto Participativo activ\u00f3 todos los dispositivos a su disposici\u00f3n para poder llevar a cabo este proyecto. La colocaci\u00f3n de los paneles solares cont\u00f3 con la colaboraci\u00f3n constante del Departamento de Islas que prest\u00f3 sus conocimientos en la zona insular para poder acceder a las familias m\u00e1s anegadas.<br \/>\nEn esta primera fase que contempl\u00f3 la adquisici\u00f3n y colocaci\u00f3n de 5 equipos de paneles solares se prioriz\u00f3 a aquellas familias que participaron del proceso de Presupuesto Participativo y que residen permanentemente en la zona insular. De esta manera, se colocaron 20 paneles solares repartidos en los domicilios de 5 familias residentes, recibiendo cada una 4 paneles solares con un equipo de 2 bater\u00edas y un inverter.<\/p>\n<p>El Subsecretario de Desarrollo Territorial Rosario Bay agradeci\u00f3 el esfuerzo de todo el equipo de Presupuesto Participativo y el Departamento de Islas que llev\u00f3 adelante todo el proceso, y agreg\u00f3: \u201cla concreci\u00f3n de este proyecto supone un cambio en la vida de los vecinos isle\u00f1os, para quienes su principal fuente de ingresos econ\u00f3micos radica en la pesca y el mantenimiento de los generadores el\u00e9ctricos les supon\u00eda un gasto muy alto en combustible. Debido al impacto positivo que gener\u00f3 esta propuesta ciudadana en la vida de los vecinos, se gener\u00f3 un incremento generalizado de la participaci\u00f3n ciudadana en el programa municipal y la propuesta se volvi\u00f3 a priorizar para el siguiente ciclo\u201d.<\/p>\n","protected":false},"excerpt":{"rendered":"<p>El Municipio de Z\u00e1rate, a trav\u00e9s de su Programa Presupuesto Participativo, coloc\u00f3 equipos de paneles solares en la casa de cinco familias del sector insular que no tienen acceso a la energ\u00eda el\u00e9ctrica por su ubicaci\u00f3n. El programa municipal de participaci\u00f3n ciudadana pone a discusi\u00f3n con los vecinos del partido de Z\u00e1rate el 1,9% del [&hellip;]<\/p>\n","protected":false},"author":4,"featured_media":44789,"comment_status":"open","ping_status":"closed","sticky":false,"template":"","format":"standard","meta":{"om_disable_all_campaigns":false,"_jetpack_memberships_contains_paid_content":false,"footnotes":""},"categories":[621],"tags":[],"class_list":["post-44788","post","type-post","status-publish","format-standard","has-post-thumbnail","hentry","category-regionales"],"aioseo_notices":[],"gutentor_comment":0,"jetpack_featured_media_url":"https:\/\/eldiariodesanpedro.com.ar\/sitio\/wp-content\/uploads\/2018\/12\/Paneles-solares.jpg","jetpack_shortlink":"https:\/\/wp.me\/p6RhLt-bEo","jetpack_sharing_enabled":true,"_links":{"self":[{"href":"https:\/\/eldiariodesanpedro.com.ar\/sitio\/wp-json\/wp\/v2\/posts\/44788","targetHints":{"allow":["GET"]}}],"collection":[{"href":"https:\/\/eldiariodesanpedro.com.ar\/sitio\/wp-json\/wp\/v2\/posts"}],"about":[{"href":"https:\/\/eldiariodesanpedro.com.ar\/sitio\/wp-json\/wp\/v2\/types\/post"}],"author":[{"embeddable":true,"href":"https:\/\/eldiariodesanpedro.com.ar\/sitio\/wp-json\/wp\/v2\/users\/4"}],"replies":[{"embeddable":true,"href":"https:\/\/eldiariodesanpedro.com.ar\/sitio\/wp-json\/wp\/v2\/comments?post=44788"}],"version-history":[{"count":1,"href":"https:\/\/eldiariodesanpedro.com.ar\/sitio\/wp-json\/wp\/v2\/posts\/44788\/revisions"}],"predecessor-version":[{"id":44790,"href":"https:\/\/eldiariodesanpedro.com.ar\/sitio\/wp-json\/wp\/v2\/posts\/44788\/revisions\/44790"}],"wp:featuredmedia":[{"embeddable":true,"href":"https:\/\/eldiariodesanpedro.com.ar\/sitio\/wp-json\/wp\/v2\/media\/44789"}],"wp:attachment":[{"href":"https:\/\/eldiariodesanpedro.com.ar\/sitio\/wp-json\/wp\/v2\/media?parent=44788"}],"wp:term":[{"taxonomy":"category","embeddable":true,"href":"https:\/\/eldiariodesanpedro.com.ar\/sitio\/wp-json\/wp\/v2\/categories?post=44788"},{"taxonomy":"post_tag","embeddable":true,"href":"https:\/\/eldiariodesanpedro.com.ar\/sitio\/wp-json\/wp\/v2\/tags?post=44788"}],"curies":[{"name":"wp","href":"https:\/\/api.w.org\/{rel}","templated":true}]}}