{"id":44785,"date":"2018-12-06T11:12:08","date_gmt":"2018-12-06T14:12:08","guid":{"rendered":"https:\/\/eldiariodesanpedro.com.ar\/sitio\/?p=44785"},"modified":"2018-12-06T11:12:08","modified_gmt":"2018-12-06T14:12:08","slug":"zarate-repudio-por-tres-menores-que-destruyen-garita-de-colectivos","status":"publish","type":"post","link":"https:\/\/eldiariodesanpedro.com.ar\/sitio\/zarate-repudio-por-tres-menores-que-destruyen-garita-de-colectivos\/","title":{"rendered":"ZARATE: Repudio por tres menores que destruyen garita de colectivos"},"content":{"rendered":"<p><!-- VideographyWP Plugin Message: Automatic video embedding prevented by plugin options. --><br \/>\nEl hecho de vandalismo tuvo lugar el domingo en horas de la tarde en Calle Espa\u00f1a, barrio Cementerio de Z\u00e1rate. Las im\u00e1genes indignaron a los y decidieron desquitarse a trav\u00e9s de redes sociales. <\/p>\n<p>\u201cNo es mi estilo el escrache pero me indigna que hagan destrozos con algo p\u00fablico, posiblemente no sea la primera vez y tampoco la ultima\u201d, se\u00f1al\u00f3 un vecino que film\u00f3 las acciones de las adolescentes. En las im\u00e1genes se observa de forma expl\u00edcita como las j\u00f3venes rompen a patadas el vidrio y los pl\u00e1sticos de una parada de colectivos. <\/p>\n","protected":false},"excerpt":{"rendered":"<p>El hecho de vandalismo tuvo lugar el domingo en horas de la tarde en Calle Espa\u00f1a, barrio Cementerio de Z\u00e1rate. Las im\u00e1genes indignaron a los y decidieron desquitarse a trav\u00e9s de redes sociales. \u201cNo es mi estilo el escrache pero me indigna que hagan destrozos con algo p\u00fablico, posiblemente no sea la primera vez y [&hellip;]<\/p>\n","protected":false},"author":4,"featured_media":44786,"comment_status":"open","ping_status":"closed","sticky":false,"template":"","format":"standard","meta":{"om_disable_all_campaigns":false,"_jetpack_memberships_contains_paid_content":false,"footnotes":""},"categories":[621],"tags":[],"class_list":["post-44785","post","type-post","status-publish","format-standard","has-post-thumbnail","hentry","category-regionales"],"aioseo_notices":[],"gutentor_comment":0,"jetpack_featured_media_url":"https:\/\/eldiariodesanpedro.com.ar\/sitio\/wp-content\/uploads\/2018\/12\/2018-12-06.png","jetpack_shortlink":"https:\/\/wp.me\/p6RhLt-bEl","jetpack_sharing_enabled":true,"_links":{"self":[{"href":"https:\/\/eldiariodesanpedro.com.ar\/sitio\/wp-json\/wp\/v2\/posts\/44785","targetHints":{"allow":["GET"]}}],"collection":[{"href":"https:\/\/eldiariodesanpedro.com.ar\/sitio\/wp-json\/wp\/v2\/posts"}],"about":[{"href":"https:\/\/eldiariodesanpedro.com.ar\/sitio\/wp-json\/wp\/v2\/types\/post"}],"author":[{"embeddable":true,"href":"https:\/\/eldiariodesanpedro.com.ar\/sitio\/wp-json\/wp\/v2\/users\/4"}],"replies":[{"embeddable":true,"href":"https:\/\/eldiariodesanpedro.com.ar\/sitio\/wp-json\/wp\/v2\/comments?post=44785"}],"version-history":[{"count":1,"href":"https:\/\/eldiariodesanpedro.com.ar\/sitio\/wp-json\/wp\/v2\/posts\/44785\/revisions"}],"predecessor-version":[{"id":44787,"href":"https:\/\/eldiariodesanpedro.com.ar\/sitio\/wp-json\/wp\/v2\/posts\/44785\/revisions\/44787"}],"wp:featuredmedia":[{"embeddable":true,"href":"https:\/\/eldiariodesanpedro.com.ar\/sitio\/wp-json\/wp\/v2\/media\/44786"}],"wp:attachment":[{"href":"https:\/\/eldiariodesanpedro.com.ar\/sitio\/wp-json\/wp\/v2\/media?parent=44785"}],"wp:term":[{"taxonomy":"category","embeddable":true,"href":"https:\/\/eldiariodesanpedro.com.ar\/sitio\/wp-json\/wp\/v2\/categories?post=44785"},{"taxonomy":"post_tag","embeddable":true,"href":"https:\/\/eldiariodesanpedro.com.ar\/sitio\/wp-json\/wp\/v2\/tags?post=44785"}],"curies":[{"name":"wp","href":"https:\/\/api.w.org\/{rel}","templated":true}]}}