{"id":44782,"date":"2018-12-06T11:08:45","date_gmt":"2018-12-06T14:08:45","guid":{"rendered":"https:\/\/eldiariodesanpedro.com.ar\/sitio\/?p=44782"},"modified":"2018-12-06T11:08:45","modified_gmt":"2018-12-06T14:08:45","slug":"arrecifes-entregaron-escrituras-a-30-familias","status":"publish","type":"post","link":"https:\/\/eldiariodesanpedro.com.ar\/sitio\/arrecifes-entregaron-escrituras-a-30-familias\/","title":{"rendered":"ARRECIFES: Entregaron escrituras a 30 familias"},"content":{"rendered":"<p><!-- VideographyWP Plugin Message: Automatic video embedding prevented by plugin options. --><br \/>\nSe llev\u00f3 a cabo un acto en el auditorio Atilio Santiago Giraudo del Centro Cultural, encabezado por el intendente municipal Javier Olaeta, acompa\u00f1ado por el director de Gesti\u00f3n Escrituraria de la subsecretar\u00eda social de Tierras y Acceso justo al H\u00e1bitat de la provincia de Buenos Aires, la encargada de Escrituraci\u00f3n y Urbanizaci\u00f3n Municipal, Dra. Mariana Blanch y la escribana Carolina Gerino.<\/p>\n<p>Se procedi\u00f3 a la firma y entrega de boletos de compraventa de terrenos a m\u00e1s de 60 familias y se entreg\u00f3 la escritura de regularizaci\u00f3n dominial a otras 30.<\/p>\n<p>Como resultado del trabajo conjunto llevado adelante por el gobierno municipal, el gobierno provincial y sus equipos, m\u00e1s de 60 familias comienzan a cumplir el sue\u00f1o de construir su vivienda propia, familias que fueron seleccionadas para la adquisici\u00f3n del terreno cumpliendo con todos los requisitos del Plan Familia Propietaria y municipales:<\/p>\n<p>-No tener ninguna propiedad a su nombre. -Que sea vivienda \u00fanica familiar de ocupaci\u00f3n permanente. -Que no hayan sido adjudicatario de ning\u00fan plan de vivienda.<\/p>\n<p>Informaci\u00f3n esta que fue requerida al Instituto de la Vivienda bonaerense y al Registro de la Propiedad.<\/p>\n<p>En el mismo acto, con la entrega de 30 nuevas escrituras de regularizaci\u00f3n dominial, se super\u00f3 en la actual gesti\u00f3n las 1.200.<\/p>\n<p>Fuente: Arrecifes Noticias<\/p>\n","protected":false},"excerpt":{"rendered":"<p>Se llev\u00f3 a cabo un acto en el auditorio Atilio Santiago Giraudo del Centro Cultural, encabezado por el intendente municipal Javier Olaeta, acompa\u00f1ado por el director de Gesti\u00f3n Escrituraria de la subsecretar\u00eda social de Tierras y Acceso justo al H\u00e1bitat de la provincia de Buenos Aires, la encargada de Escrituraci\u00f3n y Urbanizaci\u00f3n Municipal, Dra. Mariana [&hellip;]<\/p>\n","protected":false},"author":4,"featured_media":44783,"comment_status":"open","ping_status":"closed","sticky":false,"template":"","format":"standard","meta":{"om_disable_all_campaigns":false,"_jetpack_memberships_contains_paid_content":false,"footnotes":""},"categories":[621],"tags":[],"class_list":["post-44782","post","type-post","status-publish","format-standard","has-post-thumbnail","hentry","category-regionales"],"aioseo_notices":[],"gutentor_comment":0,"jetpack_featured_media_url":"https:\/\/eldiariodesanpedro.com.ar\/sitio\/wp-content\/uploads\/2018\/12\/PAGINA-7-3.jpg","jetpack_shortlink":"https:\/\/wp.me\/p6RhLt-bEi","jetpack_sharing_enabled":true,"_links":{"self":[{"href":"https:\/\/eldiariodesanpedro.com.ar\/sitio\/wp-json\/wp\/v2\/posts\/44782","targetHints":{"allow":["GET"]}}],"collection":[{"href":"https:\/\/eldiariodesanpedro.com.ar\/sitio\/wp-json\/wp\/v2\/posts"}],"about":[{"href":"https:\/\/eldiariodesanpedro.com.ar\/sitio\/wp-json\/wp\/v2\/types\/post"}],"author":[{"embeddable":true,"href":"https:\/\/eldiariodesanpedro.com.ar\/sitio\/wp-json\/wp\/v2\/users\/4"}],"replies":[{"embeddable":true,"href":"https:\/\/eldiariodesanpedro.com.ar\/sitio\/wp-json\/wp\/v2\/comments?post=44782"}],"version-history":[{"count":1,"href":"https:\/\/eldiariodesanpedro.com.ar\/sitio\/wp-json\/wp\/v2\/posts\/44782\/revisions"}],"predecessor-version":[{"id":44784,"href":"https:\/\/eldiariodesanpedro.com.ar\/sitio\/wp-json\/wp\/v2\/posts\/44782\/revisions\/44784"}],"wp:featuredmedia":[{"embeddable":true,"href":"https:\/\/eldiariodesanpedro.com.ar\/sitio\/wp-json\/wp\/v2\/media\/44783"}],"wp:attachment":[{"href":"https:\/\/eldiariodesanpedro.com.ar\/sitio\/wp-json\/wp\/v2\/media?parent=44782"}],"wp:term":[{"taxonomy":"category","embeddable":true,"href":"https:\/\/eldiariodesanpedro.com.ar\/sitio\/wp-json\/wp\/v2\/categories?post=44782"},{"taxonomy":"post_tag","embeddable":true,"href":"https:\/\/eldiariodesanpedro.com.ar\/sitio\/wp-json\/wp\/v2\/tags?post=44782"}],"curies":[{"name":"wp","href":"https:\/\/api.w.org\/{rel}","templated":true}]}}