{"id":44774,"date":"2018-12-06T09:28:58","date_gmt":"2018-12-06T12:28:58","guid":{"rendered":"https:\/\/eldiariodesanpedro.com.ar\/sitio\/?p=44774"},"modified":"2018-12-06T09:28:58","modified_gmt":"2018-12-06T12:28:58","slug":"reclamos-en-la-tosquera-queremos-que-por-lo-menos-pueda-ingresar-la-ambulancia","status":"publish","type":"post","link":"https:\/\/eldiariodesanpedro.com.ar\/sitio\/reclamos-en-la-tosquera-queremos-que-por-lo-menos-pueda-ingresar-la-ambulancia\/","title":{"rendered":"Reclamos en La Tosquera, \u00abQueremos que por lo menos pueda ingresar la ambulancia\u00bb"},"content":{"rendered":"<p><!-- VideographyWP Plugin Message: Automatic video embedding prevented by plugin options. --><br \/>\nEl presidente de la comisi\u00f3n de fomento del barrio La Tosquera nuevamente volvi\u00f3 a reclamar por los ciudadanos que viven all\u00ed. Se encadeno en horas de la tarde del mi\u00e9rcoles en las puertas del centro de Salud reclamando que alguien los escuche. Esta vez el reclamo es por luminaria y arreglo de calles.<\/p>\n<p>Molina hablo con los medios y nos cont\u00f3 la situaci\u00f3n actual del barrio:<\/p>\n<p>\u00abHace a\u00f1os que nos prometieron calles, viviendas, etc .. llueve y la gente se inunda, los animales viven mejor, esto es abandono de persona !!! queremos que el intendente aparezca, se haga cargo, de la cara y nos de una soluci\u00f3n\u00bb<\/p>\n<p>\u00abNo vino ning\u00fan funcionario, vienen cuando necesitan votos, nada mas, la lista roja de Coopser dijo en su momento que los vot\u00e1bamos nos hac\u00edan toda la luminaria, nadie vino\u00bb<\/p>\n<p>Por ultimo Molina expresaba: \u00abVamos a ir hablar al Municipio, queremos que por lo menos pueda ingresar la ambulancia\u00bb<\/p>\n","protected":false},"excerpt":{"rendered":"<p>El presidente de la comisi\u00f3n de fomento del barrio La Tosquera nuevamente volvi\u00f3 a reclamar por los ciudadanos que viven all\u00ed. Se encadeno en horas de la tarde del mi\u00e9rcoles en las puertas del centro de Salud reclamando que alguien los escuche. Esta vez el reclamo es por luminaria y arreglo de calles. Molina hablo [&hellip;]<\/p>\n","protected":false},"author":4,"featured_media":44775,"comment_status":"open","ping_status":"closed","sticky":false,"template":"","format":"standard","meta":{"om_disable_all_campaigns":false,"_jetpack_memberships_contains_paid_content":false,"footnotes":""},"categories":[50,101,2],"tags":[],"class_list":["post-44774","post","type-post","status-publish","format-standard","has-post-thumbnail","hentry","category-destacadas","category-interes-general-locales","category-locales"],"aioseo_notices":[],"gutentor_comment":0,"jetpack_featured_media_url":"https:\/\/eldiariodesanpedro.com.ar\/sitio\/wp-content\/uploads\/2018\/12\/WhatsApp-Image-2018-12-06-at-09.12.44.jpeg","jetpack_shortlink":"https:\/\/wp.me\/p6RhLt-bEa","jetpack_sharing_enabled":true,"_links":{"self":[{"href":"https:\/\/eldiariodesanpedro.com.ar\/sitio\/wp-json\/wp\/v2\/posts\/44774","targetHints":{"allow":["GET"]}}],"collection":[{"href":"https:\/\/eldiariodesanpedro.com.ar\/sitio\/wp-json\/wp\/v2\/posts"}],"about":[{"href":"https:\/\/eldiariodesanpedro.com.ar\/sitio\/wp-json\/wp\/v2\/types\/post"}],"author":[{"embeddable":true,"href":"https:\/\/eldiariodesanpedro.com.ar\/sitio\/wp-json\/wp\/v2\/users\/4"}],"replies":[{"embeddable":true,"href":"https:\/\/eldiariodesanpedro.com.ar\/sitio\/wp-json\/wp\/v2\/comments?post=44774"}],"version-history":[{"count":1,"href":"https:\/\/eldiariodesanpedro.com.ar\/sitio\/wp-json\/wp\/v2\/posts\/44774\/revisions"}],"predecessor-version":[{"id":44776,"href":"https:\/\/eldiariodesanpedro.com.ar\/sitio\/wp-json\/wp\/v2\/posts\/44774\/revisions\/44776"}],"wp:featuredmedia":[{"embeddable":true,"href":"https:\/\/eldiariodesanpedro.com.ar\/sitio\/wp-json\/wp\/v2\/media\/44775"}],"wp:attachment":[{"href":"https:\/\/eldiariodesanpedro.com.ar\/sitio\/wp-json\/wp\/v2\/media?parent=44774"}],"wp:term":[{"taxonomy":"category","embeddable":true,"href":"https:\/\/eldiariodesanpedro.com.ar\/sitio\/wp-json\/wp\/v2\/categories?post=44774"},{"taxonomy":"post_tag","embeddable":true,"href":"https:\/\/eldiariodesanpedro.com.ar\/sitio\/wp-json\/wp\/v2\/tags?post=44774"}],"curies":[{"name":"wp","href":"https:\/\/api.w.org\/{rel}","templated":true}]}}