{"id":44757,"date":"2018-12-05T20:31:22","date_gmt":"2018-12-05T23:31:22","guid":{"rendered":"https:\/\/eldiariodesanpedro.com.ar\/sitio\/?p=44757"},"modified":"2026-01-24T00:08:47","modified_gmt":"2026-01-24T03:08:47","slug":"ciclismo-agustin-basualdo-se-impuso-en-san-pedro","status":"publish","type":"post","link":"https:\/\/eldiariodesanpedro.com.ar\/sitio\/ciclismo-agustin-basualdo-se-impuso-en-san-pedro\/","title":{"rendered":"CICLISMO: Agust\u00edn Basualdo se impuso en San Pedro"},"content":{"rendered":"<p><!-- VideographyWP Plugin Message: Automatic video embedding prevented by plugin options. --><br \/>\nDisputada una nueva organizaci\u00f3n de Pro Ciclismo San Pedro en el atractivo Panor\u00e1mico del Oeste, 1er. s\u00e1bado del \u00faltimo mes de 2018. El sampedrino Basualdo se alz\u00f3 con el triunfo.<\/p>\n<p>  Colaboraci\u00f3n de Rom\u00e1n M. Baca.- Jornada crecida de interrogantes por el gran aguacero ca\u00eddo la noche anterior, el estado del camino de ingreso entre otras cosas, pero a pesar de todo, result\u00f3 muy buen espect\u00e1culo deportivo por el gran nivel de ciclistas participantes y la predisposici\u00f3n expuesta ante el fuerte viento que atravesaba el circuito maltratando considerablemente a los pedalistas de las distintas categor\u00edas realizadas, dado que las llegadas parec\u00edan, copiadas de un palomar, abordaban en min\u00fasculos grupos, en parejas o solitariamente y aqu\u00ed est\u00e1n las clasificaciones donde fueron lideradas por, Carlos Raies de Pergamino, Rub\u00e9n Gonz\u00e1lez (Z\u00e1rate) y Agust\u00edn Basualdo de nuestra ciudad en la competencia principal.       <\/p>\n<p><strong>M\u00c1STER \u201cD\u201d<\/strong><br \/>\n1\u00ba Carlos Raies (Pergamino)<br \/>\n2\u00ba \u00c1ngel Managua (Capilla del Se\u00f1or)<br \/>\n3\u00ba Rub\u00e9n Morales (San Pedro)<br \/>\n4\u00ba Ra\u00fal Peralta (San Pedro)<br \/>\n5\u00ba Daniel Disanto (Pergamino)<\/p>\n<p><strong>M\u00c1STER \u201cB-2\u201d y M\u00c1STER \u201cC\u201d<\/strong><br \/>\n1\u00ba Rub\u00e9n \u201cPillo\u201d Gonz\u00e1lez (Z\u00e1rate)<br \/>\n2\u00ba Carlos Lescoullie (San Nicol\u00e1s)<br \/>\n3\u00ba N\u00e9stor \u201cChicho\u201d Varela (Arrecifes)<br \/>\n4\u00ba Adri\u00e1n Haesler (San Nicol\u00e1s)<br \/>\n5\u00ba Rub\u00e9n Mallada (Z\u00e1rate)<\/p>\n<p><strong>PROMO \u2013 M\u00c1STER \u201cA\u201d y M\u00c1STER \u201cB-1\u201d<\/strong><br \/>\n1\u00ba Agust\u00edn Basualdo (San Pedro)<br \/>\n2\u00ba Carlos Giuliani (San Pedro)<br \/>\n3\u00ba Cristian Monz\u00f3n (San Pedro)<br \/>\n4\u00ba Mariano Manzo (San Pedro)<br \/>\n5\u00ba Santiago Fontanini (Esperanza \u2013 Santa Fe)<\/p>\n<p><strong>En San Nicol\u00e1s<\/strong><br \/>\nOtra jornada de ciclismo se vivi\u00f3 en la sede del Club Ciclista San Nicol\u00e1s, este jueves pasado 29 de noviembre. La competencia de fondo la gan\u00f3 Emanuel \u201cPitu\u201d Grosso, reciente campe\u00f3n Panamericano desarrollado en M\u00e9xico.<\/p>\n<p>  Por Rom\u00e1n Baca.- \u201cPitu\u201d, don\u00f3 una de las camisetas y medallas obtenida en el panamericano de M\u00e9xico, a la Comisi\u00f3n del Club Ciclista, por el apoyo incondicional que le brindaron para que pudiera estar presente en dicho evento.<br \/>\n  Tambi\u00e9n, durante la jornada nocturna, estuvo presente el vice vicario, Javier Fortunato, quien llev\u00f3 a las instalaciones, la imagen de San Nicol\u00e1s de Bari, para bendecir a todos los presentes y conmemorar un nuevo aniversario que se llevar\u00e1 a cabo el pr\u00f3ximo seis de diciembre.<br \/>\n  Hay que destacar que Javier Fortunato es amante del ciclismo y particip\u00f3 en numerosas oportunidades en las competencias cicl\u00edsticas desarrolladas en la pista Roberto \u201cPoto\u201d Enrico.<\/p>\n<p><strong>INACTIVOS MAYORES Y MENORES<\/strong><br \/>\n1\u00ba Pablo Barraza (Pergamino)<br \/>\n2\u00ba Julio Molina (San Nicol\u00e1s)<br \/>\n3\u00ba Luciano L\u00f3pez (Rosario)<br \/>\n4\u00ba Pablo Barcella (San Nicol\u00e1s)<br \/>\n5\u00ba Daniel Boaglio (San Pedro)<\/p>\n<p><strong>M\u00c1STER \u201cC\u201d, \u201cD\u201d, \u201cE\u201d y DAMAS<\/strong><br \/>\n1\u00ba Hugo Vel\u00e1zquez (San Nicol\u00e1s)<br \/>\n2\u00ba David Vaccari (Rosario)<br \/>\n3\u00ba Jorge Cogliati (Rosario)<br \/>\n4\u00ba N\u00e9stor Varela (Arrecifes)<\/p>\n<p><strong>M\u00c1STER \u201cD\u201d, \u201cE\u201d y DAMAS<\/strong><br \/>\n1\u00ba Jos\u00e9 Luis Massari (San Nicol\u00e1s)<br \/>\n2\u00ba Ricardo Bustos (Rosario)<br \/>\n3\u00ba Roberto Liberatore (Rosario)<\/p>\n<p><strong>M\u00c1STER \u201cA\u201d, \u201cB\u201d y PROMOCIONALES<\/strong><br \/>\n1\u00ba Emanuel Grosso (San Nicol\u00e1s)<br \/>\n2\u00ba Edgardo Marcellini (Col\u00f3n)<br \/>\n3\u00ba Rearte H\u00e9ctor (Col\u00f3n)<br \/>\n4\u00ba Pablo Drascovich (San Nicol\u00e1s)<br \/>\n5\u00ba Carlos Giuliani (San Pedro)<\/p>\n<p><strong>M\u00c1STER \u201cB\u201d<\/strong><br \/>\n1\u00ba Germ\u00e1n Iros (Col\u00f3n)<br \/>\n2\u00ba Narciso Almua (Campana)<\/p>\n<p><strong>En KDT<\/strong><br \/>\n  En el Parque Municipal Manuel Belgrano Ex Circuito KDT de la Ciudad de Buenos Aires, se realiz\u00f3 la 25\u00b0 Edici\u00f3n del Gran Premio \u201cCampagnolo\u201d (Rodados D\u00edaz); organizado por el Club Ciclista Naci\u00f3n y fiscalizaci\u00f3n de la Asociaci\u00f3n Metropolitana de Ciclismo.<br \/>\n  Francisco Chipolini estuvo participando de este gran premio el domingo 2 de diciembre y en destacada actuaci\u00f3n subi\u00f3 al quinto escal\u00f3n del podio de la categor\u00eda juveniles.<\/p>\n<p><em>Juveniles 2001-02-03-04<\/em><br \/>\n1\u00b0 William Brun (Olavarr\u00eda)<br \/>\n2\u00b0 Lukas Dundic (Salto)<br \/>\n3\u00b0 Fausto G\u00f3mez (Campana)<br \/>\n4\u00b0 Ayrton Trumpio (Olavarria)<br \/>\n5\u00b0 Francisco Chipolini (San Pedro)<\/p>\n<p><strong>En Col\u00f3n<\/strong><br \/>\n  Domingo en el circuito de Colon, se realiz\u00f3 un importante programa de Ciclismo y all\u00ed en la categor\u00eda mayores de 38 a\u00f1os, lider\u00f3 la clasificaci\u00f3n, el sampedrino Daniel Boaglio.<\/p>\n<p><strong>Clasificaci\u00f3n<\/strong><br \/>\n<em>Mayores de 38<\/em><br \/>\n1\u00ba Daniel Boaglio (San Pedro)<br \/>\n2\u00ba Adri\u00e1n Molina (Col\u00f3n)<br \/>\n3\u00ba Oscar Sursiche (Jun\u00edn)<br \/>\n4\u00ba Leonides Del R\u00edo (Col\u00f3n)<br \/>\n5\u00ba Arsemio Acastello (Col\u00f3n)<\/p>\n","protected":false},"excerpt":{"rendered":"<p>Disputada una nueva organizaci\u00f3n de Pro Ciclismo San Pedro en el atractivo Panor\u00e1mico del Oeste, 1er. s\u00e1bado del \u00faltimo mes de 2018. El sampedrino Basualdo se alz\u00f3 con el triunfo. Colaboraci\u00f3n de Rom\u00e1n M. Baca.- Jornada crecida de interrogantes por el gran aguacero ca\u00eddo la noche anterior, el estado del camino de ingreso entre otras [&hellip;]<\/p>\n","protected":false},"author":4,"featured_media":44763,"comment_status":"open","ping_status":"closed","sticky":false,"template":"","format":"standard","meta":{"om_disable_all_campaigns":false,"_jetpack_memberships_contains_paid_content":false,"footnotes":""},"categories":[5],"tags":[],"class_list":["post-44757","post","type-post","status-publish","format-standard","has-post-thumbnail","hentry","category-deportes"],"aioseo_notices":[],"gutentor_comment":0,"jetpack_featured_media_url":"https:\/\/eldiariodesanpedro.com.ar\/sitio\/wp-content\/uploads\/2018\/12\/foto-1.jpg","jetpack_shortlink":"https:\/\/wp.me\/p6RhLt-bDT","jetpack_sharing_enabled":true,"_links":{"self":[{"href":"https:\/\/eldiariodesanpedro.com.ar\/sitio\/wp-json\/wp\/v2\/posts\/44757","targetHints":{"allow":["GET"]}}],"collection":[{"href":"https:\/\/eldiariodesanpedro.com.ar\/sitio\/wp-json\/wp\/v2\/posts"}],"about":[{"href":"https:\/\/eldiariodesanpedro.com.ar\/sitio\/wp-json\/wp\/v2\/types\/post"}],"author":[{"embeddable":true,"href":"https:\/\/eldiariodesanpedro.com.ar\/sitio\/wp-json\/wp\/v2\/users\/4"}],"replies":[{"embeddable":true,"href":"https:\/\/eldiariodesanpedro.com.ar\/sitio\/wp-json\/wp\/v2\/comments?post=44757"}],"version-history":[{"count":1,"href":"https:\/\/eldiariodesanpedro.com.ar\/sitio\/wp-json\/wp\/v2\/posts\/44757\/revisions"}],"predecessor-version":[{"id":44765,"href":"https:\/\/eldiariodesanpedro.com.ar\/sitio\/wp-json\/wp\/v2\/posts\/44757\/revisions\/44765"}],"wp:featuredmedia":[{"embeddable":true,"href":"https:\/\/eldiariodesanpedro.com.ar\/sitio\/wp-json\/wp\/v2\/media\/44763"}],"wp:attachment":[{"href":"https:\/\/eldiariodesanpedro.com.ar\/sitio\/wp-json\/wp\/v2\/media?parent=44757"}],"wp:term":[{"taxonomy":"category","embeddable":true,"href":"https:\/\/eldiariodesanpedro.com.ar\/sitio\/wp-json\/wp\/v2\/categories?post=44757"},{"taxonomy":"post_tag","embeddable":true,"href":"https:\/\/eldiariodesanpedro.com.ar\/sitio\/wp-json\/wp\/v2\/tags?post=44757"}],"curies":[{"name":"wp","href":"https:\/\/api.w.org\/{rel}","templated":true}]}}