{"id":44589,"date":"2018-12-02T21:11:05","date_gmt":"2018-12-03T00:11:05","guid":{"rendered":"https:\/\/eldiariodesanpedro.com.ar\/sitio\/?p=44589"},"modified":"2018-12-02T21:11:05","modified_gmt":"2018-12-03T00:11:05","slug":"campana-intensa-busqueda-de-una-joven-que-se-marcho-de-su-hogar","status":"publish","type":"post","link":"https:\/\/eldiariodesanpedro.com.ar\/sitio\/campana-intensa-busqueda-de-una-joven-que-se-marcho-de-su-hogar\/","title":{"rendered":"CAMPANA: Intensa b\u00fasqueda de una joven que se march\u00f3 de su hogar"},"content":{"rendered":"<p><!-- VideographyWP Plugin Message: Automatic video embedding prevented by plugin options. --><br \/>\nLa Polic\u00eda junto a la Brigada de Rescate K9 buscan desde anoche a Ail\u00e9n Priscila Vargas, de 17 a\u00f1os, quien se retir\u00f3 de su hogar tras una fuerte discusi\u00f3n, detallaron sus familiares en la denuncia.<\/p>\n<p>  Una joven es intensamente buscada por la Polic\u00eda, tras una denuncia radicada por su madre luego que se ausentara de su hogar, al parecer, tras mantener una fuerte discusi\u00f3n.<br \/>\n  Se trata de Ail\u00e9n Priscila Vargas, de 17 a\u00f1os, quien se retir\u00f3 de su domicilio en el barrio Villanueva las 13:30 hs. Su familia explic\u00f3 tambi\u00e9n que no es la primera vez que se ausenta por motivos similares.<br \/>\n  Acorde al protocolo de b\u00fasqueda de paradero, se dio intervenci\u00f3n a la Brigada de Rescate K9, utiliz\u00e1ndose perros de b\u00fasqueda. Interviene la U.F.I Y J Nro. 02 de Campana, del Depto. Judicial Zarate-Campana.<br \/>\n  La \u00faltima vez que fue vista, luc\u00eda pantal\u00f3n corto negro, remera gris corta y cabellos oscuros. Adem\u00e1s, usa brackets.<br \/>\n  Se difunde esta informaci\u00f3n a fin de colaborar con las autoridades. Ante cualquier pista sobre su paradero, comunicarse con la Comisar\u00eda local, o al 911.<\/p>\n<p>Fuente: Campana Noticias<\/p>\n","protected":false},"excerpt":{"rendered":"<p>La Polic\u00eda junto a la Brigada de Rescate K9 buscan desde anoche a Ail\u00e9n Priscila Vargas, de 17 a\u00f1os, quien se retir\u00f3 de su hogar tras una fuerte discusi\u00f3n, detallaron sus familiares en la denuncia. Una joven es intensamente buscada por la Polic\u00eda, tras una denuncia radicada por su madre luego que se ausentara de [&hellip;]<\/p>\n","protected":false},"author":4,"featured_media":44591,"comment_status":"open","ping_status":"closed","sticky":false,"template":"","format":"standard","meta":{"om_disable_all_campaigns":false,"_jetpack_memberships_contains_paid_content":false,"footnotes":""},"categories":[621],"tags":[],"class_list":["post-44589","post","type-post","status-publish","format-standard","has-post-thumbnail","hentry","category-regionales"],"aioseo_notices":[],"gutentor_comment":0,"jetpack_featured_media_url":"https:\/\/eldiariodesanpedro.com.ar\/sitio\/wp-content\/uploads\/2018\/12\/PAGINA-6.jpg","jetpack_shortlink":"https:\/\/wp.me\/p6RhLt-bBb","jetpack_sharing_enabled":true,"_links":{"self":[{"href":"https:\/\/eldiariodesanpedro.com.ar\/sitio\/wp-json\/wp\/v2\/posts\/44589","targetHints":{"allow":["GET"]}}],"collection":[{"href":"https:\/\/eldiariodesanpedro.com.ar\/sitio\/wp-json\/wp\/v2\/posts"}],"about":[{"href":"https:\/\/eldiariodesanpedro.com.ar\/sitio\/wp-json\/wp\/v2\/types\/post"}],"author":[{"embeddable":true,"href":"https:\/\/eldiariodesanpedro.com.ar\/sitio\/wp-json\/wp\/v2\/users\/4"}],"replies":[{"embeddable":true,"href":"https:\/\/eldiariodesanpedro.com.ar\/sitio\/wp-json\/wp\/v2\/comments?post=44589"}],"version-history":[{"count":1,"href":"https:\/\/eldiariodesanpedro.com.ar\/sitio\/wp-json\/wp\/v2\/posts\/44589\/revisions"}],"predecessor-version":[{"id":44593,"href":"https:\/\/eldiariodesanpedro.com.ar\/sitio\/wp-json\/wp\/v2\/posts\/44589\/revisions\/44593"}],"wp:featuredmedia":[{"embeddable":true,"href":"https:\/\/eldiariodesanpedro.com.ar\/sitio\/wp-json\/wp\/v2\/media\/44591"}],"wp:attachment":[{"href":"https:\/\/eldiariodesanpedro.com.ar\/sitio\/wp-json\/wp\/v2\/media?parent=44589"}],"wp:term":[{"taxonomy":"category","embeddable":true,"href":"https:\/\/eldiariodesanpedro.com.ar\/sitio\/wp-json\/wp\/v2\/categories?post=44589"},{"taxonomy":"post_tag","embeddable":true,"href":"https:\/\/eldiariodesanpedro.com.ar\/sitio\/wp-json\/wp\/v2\/tags?post=44589"}],"curies":[{"name":"wp","href":"https:\/\/api.w.org\/{rel}","templated":true}]}}