{"id":44454,"date":"2018-11-29T20:12:44","date_gmt":"2018-11-29T23:12:44","guid":{"rendered":"https:\/\/eldiariodesanpedro.com.ar\/sitio\/?p=44454"},"modified":"2018-11-29T20:12:44","modified_gmt":"2018-11-29T23:12:44","slug":"entrega-de-aparatologia-en-el-hospital","status":"publish","type":"post","link":"https:\/\/eldiariodesanpedro.com.ar\/sitio\/entrega-de-aparatologia-en-el-hospital\/","title":{"rendered":"Entrega de aparatologia en el hospital"},"content":{"rendered":"<p><!-- VideographyWP Plugin Message: Automatic video embedding prevented by plugin options. --><br \/>\nEsta ma\u00f1ana se realizo la entrega de aparatologia para las \u00e1reas de terapia intensiva, psicolog\u00eda infantil, bacteriolog\u00eda y enfermer\u00eda por parte de la cooperadora del hospital, con la donaci\u00f3n tambi\u00e9n del gimnasio ATP y de la empresa Electrodome.<\/p>\n<p>\u00abLa uni\u00f3n hace la fuerza\u00bb expreso la presidenta de la cooperadora este jueves en conferencia, valiosas donaciones tuvieron estos dias que le dieron la oportunidad de renovar aparatos y comprar elementos nuevos que no ten\u00edan.<\/p>\n<p>El gimnasio ATP dono mas de 20 mil pesos con lo recaudado en la ultima marat\u00f3n, con lo que se compro una heladera con freezer para el \u00e1rea de bacteriolog\u00eda y la empresa Electrodomec hizo una valiosa compra, dos reanimadores para adultos y dos mascaras sipac.<\/p>\n<p>Las entregas se hicieron de la siguiente manera:<\/p>\n<p>-Terapia Intensiva: dos bombas de infusi\u00f3n, dos reanimadores manuales y dos mascaras sipac<br \/>\n&#8211; Bacteriolog\u00eda: Heladera con frezar<br \/>\n-Cirug\u00eda: una lampara ocospica<br \/>\n-Psicolog\u00eda infantil: juegos de encastre y libros didactico0s<br \/>\n-Enfermer\u00eda: delantales y 30 sabanas<\/p>\n","protected":false},"excerpt":{"rendered":"<p>Esta ma\u00f1ana se realizo la entrega de aparatologia para las \u00e1reas de terapia intensiva, psicolog\u00eda infantil, bacteriolog\u00eda y enfermer\u00eda por parte de la cooperadora del hospital, con la donaci\u00f3n tambi\u00e9n del gimnasio ATP y de la empresa Electrodome. \u00abLa uni\u00f3n hace la fuerza\u00bb expreso la presidenta de la cooperadora este jueves en conferencia, valiosas donaciones [&hellip;]<\/p>\n","protected":false},"author":4,"featured_media":44456,"comment_status":"open","ping_status":"closed","sticky":false,"template":"","format":"standard","meta":{"om_disable_all_campaigns":false,"_jetpack_memberships_contains_paid_content":false,"footnotes":""},"categories":[101,2],"tags":[],"class_list":["post-44454","post","type-post","status-publish","format-standard","has-post-thumbnail","hentry","category-interes-general-locales","category-locales"],"aioseo_notices":[],"gutentor_comment":0,"jetpack_featured_media_url":"https:\/\/eldiariodesanpedro.com.ar\/sitio\/wp-content\/uploads\/2018\/11\/WhatsApp-Image-2018-11-29-at-20.10.02.jpeg","jetpack_shortlink":"https:\/\/wp.me\/p6RhLt-bz0","jetpack_sharing_enabled":true,"_links":{"self":[{"href":"https:\/\/eldiariodesanpedro.com.ar\/sitio\/wp-json\/wp\/v2\/posts\/44454","targetHints":{"allow":["GET"]}}],"collection":[{"href":"https:\/\/eldiariodesanpedro.com.ar\/sitio\/wp-json\/wp\/v2\/posts"}],"about":[{"href":"https:\/\/eldiariodesanpedro.com.ar\/sitio\/wp-json\/wp\/v2\/types\/post"}],"author":[{"embeddable":true,"href":"https:\/\/eldiariodesanpedro.com.ar\/sitio\/wp-json\/wp\/v2\/users\/4"}],"replies":[{"embeddable":true,"href":"https:\/\/eldiariodesanpedro.com.ar\/sitio\/wp-json\/wp\/v2\/comments?post=44454"}],"version-history":[{"count":1,"href":"https:\/\/eldiariodesanpedro.com.ar\/sitio\/wp-json\/wp\/v2\/posts\/44454\/revisions"}],"predecessor-version":[{"id":44457,"href":"https:\/\/eldiariodesanpedro.com.ar\/sitio\/wp-json\/wp\/v2\/posts\/44454\/revisions\/44457"}],"wp:featuredmedia":[{"embeddable":true,"href":"https:\/\/eldiariodesanpedro.com.ar\/sitio\/wp-json\/wp\/v2\/media\/44456"}],"wp:attachment":[{"href":"https:\/\/eldiariodesanpedro.com.ar\/sitio\/wp-json\/wp\/v2\/media?parent=44454"}],"wp:term":[{"taxonomy":"category","embeddable":true,"href":"https:\/\/eldiariodesanpedro.com.ar\/sitio\/wp-json\/wp\/v2\/categories?post=44454"},{"taxonomy":"post_tag","embeddable":true,"href":"https:\/\/eldiariodesanpedro.com.ar\/sitio\/wp-json\/wp\/v2\/tags?post=44454"}],"curies":[{"name":"wp","href":"https:\/\/api.w.org\/{rel}","templated":true}]}}