{"id":44439,"date":"2018-11-29T17:32:49","date_gmt":"2018-11-29T20:32:49","guid":{"rendered":"https:\/\/eldiariodesanpedro.com.ar\/sitio\/?p=44439"},"modified":"2018-11-29T17:32:49","modified_gmt":"2018-11-29T20:32:49","slug":"prestadores-turisticos-locales-certificados-dentro-del-programa-de-alojamientos-sustentables","status":"publish","type":"post","link":"https:\/\/eldiariodesanpedro.com.ar\/sitio\/prestadores-turisticos-locales-certificados-dentro-del-programa-de-alojamientos-sustentables\/","title":{"rendered":"Prestadores tur\u00edsticos locales certificados dentro del programa de alojamientos sustentables"},"content":{"rendered":"<p><!-- VideographyWP Plugin Message: Automatic video embedding prevented by plugin options. --><br \/>\nEn la Direcci\u00f3n de Turismo de la Municipalidad de San Pedro tuvo lugar esta ma\u00f1ana la entrega de distinciones otorgadas por el OPDS, Organismo Provincial de Desarrollo Sostenible, que impulsan la Subsecretar\u00eda de Turismo y el Ministerio de la Producci\u00f3n de la Provincia de Buenos Aires. <\/p>\n<p>Desde hace tiempo y del mismo modo que con otros proyectos que apuntan a generar condiciones cualitativamente destacadas de la oferta tur\u00edstica local, desde la Direcci\u00f3n de Turismo se ha venido trabajando con todos aquellos prestadores que valoran la implementaci\u00f3n dentro de sus establecimientos, de todas aquellas acciones que protegen el medio ambiente. <\/p>\n<p>El programa de ATS incentiva a los prestadores de servicios tur\u00edsticos a realizar un manejo adecuado en el uso de los recursos promoviendo su ahorro y utilizaci\u00f3n eficiente, con el fin de lograr una distinci\u00f3n que los diferencie en su oferta de servicios y genere una  ventaja competitiva dentro del mercado tur\u00edstico nacional e internacional.<\/p>\n<p>Los que en San Pedro certificaron este tipo de acciones, recibieron la distinci\u00f3n y fueron incluidos en la gu\u00eda que los destaca a nivel provincial fueron: La Chacra, Caba\u00f1as del Bajo Hondo y Hotel San Pedro Palace y a ellos se sum\u00f3 en un trabajo conjunto con la Direcci\u00f3n de Turismo de Baradero, Caba\u00f1as Saman\u00e1.<br \/>\nLos temas m\u00e1s importantes tenidos en cuenta son, Entorno, Gesti\u00f3n del Recurso del Agua, Gesti\u00f3n del Recurso Energ\u00eda, Pol\u00edtica de Compras y Consumo de Productos, Gesti\u00f3n de Residuos y Comunicaci\u00f3n y Participaci\u00f3n.<\/p>\n<p>El acto fue encabezado por el Secretario de Gobierno Silvio Corti quien destac\u00f3 la importancia del agregado de valor para el sector que implican estas certificaciones,<br \/>\nOscar Solis Director Provincial de Desarrollo Sostenible y Cambio Clim\u00e1tica, Lourdes Pelleguero  una de las colaboradoras del equipo del OPDS que articul\u00f3 con nuestra regi\u00f3n todas las actividades y capacitaciones relacionadas con el tema y las Licenciadas Marcela Cu\u00f1er y  Mar\u00eda Emilia Do Campo directoras de turismo de San Pedro y Baradero respectivamente.<br \/>\n<img decoding=\"async\" data-attachment-id=\"44441\" data-permalink=\"https:\/\/eldiariodesanpedro.com.ar\/sitio\/prestadores-turisticos-locales-certificados-dentro-del-programa-de-alojamientos-sustentables\/2-48\/\" data-orig-file=\"https:\/\/eldiariodesanpedro.com.ar\/sitio\/wp-content\/uploads\/2018\/11\/2.jpg\" data-orig-size=\"1280,960\" data-comments-opened=\"1\" data-image-meta=\"{&quot;aperture&quot;:&quot;0&quot;,&quot;credit&quot;:&quot;&quot;,&quot;camera&quot;:&quot;&quot;,&quot;caption&quot;:&quot;&quot;,&quot;created_timestamp&quot;:&quot;0&quot;,&quot;copyright&quot;:&quot;&quot;,&quot;focal_length&quot;:&quot;0&quot;,&quot;iso&quot;:&quot;0&quot;,&quot;shutter_speed&quot;:&quot;0&quot;,&quot;title&quot;:&quot;&quot;,&quot;orientation&quot;:&quot;0&quot;}\" data-image-title=\"2\" data-image-description=\"\" data-image-caption=\"\" data-large-file=\"https:\/\/eldiariodesanpedro.com.ar\/sitio\/wp-content\/uploads\/2018\/11\/2-1024x768.jpg\" data-src=\"https:\/\/eldiariodesanpedro.com.ar\/sitio\/wp-content\/uploads\/2018\/11\/2-1024x768.jpg\" alt=\"\" width=\"660\" height=\"495\" class=\"alignnone size-large wp-image-44441 lazyload\" data-srcset=\"https:\/\/eldiariodesanpedro.com.ar\/sitio\/wp-content\/uploads\/2018\/11\/2-1024x768.jpg 1024w, https:\/\/eldiariodesanpedro.com.ar\/sitio\/wp-content\/uploads\/2018\/11\/2-300x225.jpg 300w, https:\/\/eldiariodesanpedro.com.ar\/sitio\/wp-content\/uploads\/2018\/11\/2-768x576.jpg 768w, https:\/\/eldiariodesanpedro.com.ar\/sitio\/wp-content\/uploads\/2018\/11\/2.jpg 1280w\" data-sizes=\"(max-width: 660px) 100vw, 660px\" src=\"data:image\/svg+xml;base64,PHN2ZyB3aWR0aD0iMSIgaGVpZ2h0PSIxIiB4bWxucz0iaHR0cDovL3d3dy53My5vcmcvMjAwMC9zdmciPjwvc3ZnPg==\" style=\"--smush-placeholder-width: 660px; --smush-placeholder-aspect-ratio: 660\/495;\" \/><\/p>\n<p><img decoding=\"async\" data-attachment-id=\"44442\" data-permalink=\"https:\/\/eldiariodesanpedro.com.ar\/sitio\/prestadores-turisticos-locales-certificados-dentro-del-programa-de-alojamientos-sustentables\/3-32\/\" data-orig-file=\"https:\/\/eldiariodesanpedro.com.ar\/sitio\/wp-content\/uploads\/2018\/11\/3.jpg\" data-orig-size=\"1280,960\" data-comments-opened=\"1\" data-image-meta=\"{&quot;aperture&quot;:&quot;0&quot;,&quot;credit&quot;:&quot;&quot;,&quot;camera&quot;:&quot;&quot;,&quot;caption&quot;:&quot;&quot;,&quot;created_timestamp&quot;:&quot;0&quot;,&quot;copyright&quot;:&quot;&quot;,&quot;focal_length&quot;:&quot;0&quot;,&quot;iso&quot;:&quot;0&quot;,&quot;shutter_speed&quot;:&quot;0&quot;,&quot;title&quot;:&quot;&quot;,&quot;orientation&quot;:&quot;0&quot;}\" data-image-title=\"3\" data-image-description=\"\" data-image-caption=\"\" data-large-file=\"https:\/\/eldiariodesanpedro.com.ar\/sitio\/wp-content\/uploads\/2018\/11\/3-1024x768.jpg\" data-src=\"https:\/\/eldiariodesanpedro.com.ar\/sitio\/wp-content\/uploads\/2018\/11\/3-1024x768.jpg\" alt=\"\" width=\"660\" height=\"495\" class=\"alignnone size-large wp-image-44442 lazyload\" data-srcset=\"https:\/\/eldiariodesanpedro.com.ar\/sitio\/wp-content\/uploads\/2018\/11\/3-1024x768.jpg 1024w, https:\/\/eldiariodesanpedro.com.ar\/sitio\/wp-content\/uploads\/2018\/11\/3-300x225.jpg 300w, https:\/\/eldiariodesanpedro.com.ar\/sitio\/wp-content\/uploads\/2018\/11\/3-768x576.jpg 768w, https:\/\/eldiariodesanpedro.com.ar\/sitio\/wp-content\/uploads\/2018\/11\/3.jpg 1280w\" data-sizes=\"(max-width: 660px) 100vw, 660px\" src=\"data:image\/svg+xml;base64,PHN2ZyB3aWR0aD0iMSIgaGVpZ2h0PSIxIiB4bWxucz0iaHR0cDovL3d3dy53My5vcmcvMjAwMC9zdmciPjwvc3ZnPg==\" style=\"--smush-placeholder-width: 660px; --smush-placeholder-aspect-ratio: 660\/495;\" \/><\/p>\n<p><img decoding=\"async\" data-attachment-id=\"44443\" data-permalink=\"https:\/\/eldiariodesanpedro.com.ar\/sitio\/prestadores-turisticos-locales-certificados-dentro-del-programa-de-alojamientos-sustentables\/4-20\/\" data-orig-file=\"https:\/\/eldiariodesanpedro.com.ar\/sitio\/wp-content\/uploads\/2018\/11\/4.jpg\" data-orig-size=\"1280,960\" data-comments-opened=\"1\" data-image-meta=\"{&quot;aperture&quot;:&quot;0&quot;,&quot;credit&quot;:&quot;&quot;,&quot;camera&quot;:&quot;&quot;,&quot;caption&quot;:&quot;&quot;,&quot;created_timestamp&quot;:&quot;0&quot;,&quot;copyright&quot;:&quot;&quot;,&quot;focal_length&quot;:&quot;0&quot;,&quot;iso&quot;:&quot;0&quot;,&quot;shutter_speed&quot;:&quot;0&quot;,&quot;title&quot;:&quot;&quot;,&quot;orientation&quot;:&quot;0&quot;}\" data-image-title=\"4\" data-image-description=\"\" data-image-caption=\"\" data-large-file=\"https:\/\/eldiariodesanpedro.com.ar\/sitio\/wp-content\/uploads\/2018\/11\/4-1024x768.jpg\" data-src=\"https:\/\/eldiariodesanpedro.com.ar\/sitio\/wp-content\/uploads\/2018\/11\/4-1024x768.jpg\" alt=\"\" width=\"660\" height=\"495\" class=\"alignnone size-large wp-image-44443 lazyload\" data-srcset=\"https:\/\/eldiariodesanpedro.com.ar\/sitio\/wp-content\/uploads\/2018\/11\/4-1024x768.jpg 1024w, https:\/\/eldiariodesanpedro.com.ar\/sitio\/wp-content\/uploads\/2018\/11\/4-300x225.jpg 300w, https:\/\/eldiariodesanpedro.com.ar\/sitio\/wp-content\/uploads\/2018\/11\/4-768x576.jpg 768w, https:\/\/eldiariodesanpedro.com.ar\/sitio\/wp-content\/uploads\/2018\/11\/4.jpg 1280w\" data-sizes=\"(max-width: 660px) 100vw, 660px\" src=\"data:image\/svg+xml;base64,PHN2ZyB3aWR0aD0iMSIgaGVpZ2h0PSIxIiB4bWxucz0iaHR0cDovL3d3dy53My5vcmcvMjAwMC9zdmciPjwvc3ZnPg==\" style=\"--smush-placeholder-width: 660px; --smush-placeholder-aspect-ratio: 660\/495;\" \/><\/p>\n<p><img decoding=\"async\" data-attachment-id=\"44444\" data-permalink=\"https:\/\/eldiariodesanpedro.com.ar\/sitio\/prestadores-turisticos-locales-certificados-dentro-del-programa-de-alojamientos-sustentables\/5-16\/\" data-orig-file=\"https:\/\/eldiariodesanpedro.com.ar\/sitio\/wp-content\/uploads\/2018\/11\/5.jpg\" data-orig-size=\"1280,960\" data-comments-opened=\"1\" data-image-meta=\"{&quot;aperture&quot;:&quot;0&quot;,&quot;credit&quot;:&quot;&quot;,&quot;camera&quot;:&quot;&quot;,&quot;caption&quot;:&quot;&quot;,&quot;created_timestamp&quot;:&quot;0&quot;,&quot;copyright&quot;:&quot;&quot;,&quot;focal_length&quot;:&quot;0&quot;,&quot;iso&quot;:&quot;0&quot;,&quot;shutter_speed&quot;:&quot;0&quot;,&quot;title&quot;:&quot;&quot;,&quot;orientation&quot;:&quot;0&quot;}\" data-image-title=\"5\" data-image-description=\"\" data-image-caption=\"\" data-large-file=\"https:\/\/eldiariodesanpedro.com.ar\/sitio\/wp-content\/uploads\/2018\/11\/5-1024x768.jpg\" data-src=\"https:\/\/eldiariodesanpedro.com.ar\/sitio\/wp-content\/uploads\/2018\/11\/5-1024x768.jpg\" alt=\"\" width=\"660\" height=\"495\" class=\"alignnone size-large wp-image-44444 lazyload\" data-srcset=\"https:\/\/eldiariodesanpedro.com.ar\/sitio\/wp-content\/uploads\/2018\/11\/5-1024x768.jpg 1024w, https:\/\/eldiariodesanpedro.com.ar\/sitio\/wp-content\/uploads\/2018\/11\/5-300x225.jpg 300w, https:\/\/eldiariodesanpedro.com.ar\/sitio\/wp-content\/uploads\/2018\/11\/5-768x576.jpg 768w, https:\/\/eldiariodesanpedro.com.ar\/sitio\/wp-content\/uploads\/2018\/11\/5.jpg 1280w\" data-sizes=\"(max-width: 660px) 100vw, 660px\" src=\"data:image\/svg+xml;base64,PHN2ZyB3aWR0aD0iMSIgaGVpZ2h0PSIxIiB4bWxucz0iaHR0cDovL3d3dy53My5vcmcvMjAwMC9zdmciPjwvc3ZnPg==\" style=\"--smush-placeholder-width: 660px; --smush-placeholder-aspect-ratio: 660\/495;\" \/><\/p>\n","protected":false},"excerpt":{"rendered":"<p>En la Direcci\u00f3n de Turismo de la Municipalidad de San Pedro tuvo lugar esta ma\u00f1ana la entrega de distinciones otorgadas por el OPDS, Organismo Provincial de Desarrollo Sostenible, que impulsan la Subsecretar\u00eda de Turismo y el Ministerio de la Producci\u00f3n de la Provincia de Buenos Aires. Desde hace tiempo y del mismo modo que con [&hellip;]<\/p>\n","protected":false},"author":4,"featured_media":44440,"comment_status":"open","ping_status":"closed","sticky":false,"template":"","format":"standard","meta":{"om_disable_all_campaigns":false,"_jetpack_memberships_contains_paid_content":false,"footnotes":""},"categories":[101,2],"tags":[],"class_list":["post-44439","post","type-post","status-publish","format-standard","has-post-thumbnail","hentry","category-interes-general-locales","category-locales"],"aioseo_notices":[],"gutentor_comment":0,"jetpack_featured_media_url":"https:\/\/eldiariodesanpedro.com.ar\/sitio\/wp-content\/uploads\/2018\/11\/1.jpg","jetpack_shortlink":"https:\/\/wp.me\/p6RhLt-byL","jetpack_sharing_enabled":true,"_links":{"self":[{"href":"https:\/\/eldiariodesanpedro.com.ar\/sitio\/wp-json\/wp\/v2\/posts\/44439","targetHints":{"allow":["GET"]}}],"collection":[{"href":"https:\/\/eldiariodesanpedro.com.ar\/sitio\/wp-json\/wp\/v2\/posts"}],"about":[{"href":"https:\/\/eldiariodesanpedro.com.ar\/sitio\/wp-json\/wp\/v2\/types\/post"}],"author":[{"embeddable":true,"href":"https:\/\/eldiariodesanpedro.com.ar\/sitio\/wp-json\/wp\/v2\/users\/4"}],"replies":[{"embeddable":true,"href":"https:\/\/eldiariodesanpedro.com.ar\/sitio\/wp-json\/wp\/v2\/comments?post=44439"}],"version-history":[{"count":1,"href":"https:\/\/eldiariodesanpedro.com.ar\/sitio\/wp-json\/wp\/v2\/posts\/44439\/revisions"}],"predecessor-version":[{"id":44445,"href":"https:\/\/eldiariodesanpedro.com.ar\/sitio\/wp-json\/wp\/v2\/posts\/44439\/revisions\/44445"}],"wp:featuredmedia":[{"embeddable":true,"href":"https:\/\/eldiariodesanpedro.com.ar\/sitio\/wp-json\/wp\/v2\/media\/44440"}],"wp:attachment":[{"href":"https:\/\/eldiariodesanpedro.com.ar\/sitio\/wp-json\/wp\/v2\/media?parent=44439"}],"wp:term":[{"taxonomy":"category","embeddable":true,"href":"https:\/\/eldiariodesanpedro.com.ar\/sitio\/wp-json\/wp\/v2\/categories?post=44439"},{"taxonomy":"post_tag","embeddable":true,"href":"https:\/\/eldiariodesanpedro.com.ar\/sitio\/wp-json\/wp\/v2\/tags?post=44439"}],"curies":[{"name":"wp","href":"https:\/\/api.w.org\/{rel}","templated":true}]}}