{"id":44436,"date":"2018-11-29T10:42:24","date_gmt":"2018-11-29T13:42:24","guid":{"rendered":"https:\/\/eldiariodesanpedro.com.ar\/sitio\/?p=44436"},"modified":"2018-11-29T10:42:24","modified_gmt":"2018-11-29T13:42:24","slug":"por-el-g20-decretaron-este-viernes-feriado-bancario-en-todo-el-pais","status":"publish","type":"post","link":"https:\/\/eldiariodesanpedro.com.ar\/sitio\/por-el-g20-decretaron-este-viernes-feriado-bancario-en-todo-el-pais\/","title":{"rendered":"Por el G20, decretaron este viernes feriado bancario en todo el pa\u00eds"},"content":{"rendered":"<p><!-- VideographyWP Plugin Message: Automatic video embedding prevented by plugin options. --><br \/>\nPese a que el asueto por la cumbre rige solo para Capital Federal, los bancos de todas las provincias permanecer\u00e1n cerrados.<\/p>\n<p>El Banco Central de la Rep\u00fablica Argentina decret\u00f3 que no habr\u00e1 bancos en todo el pa\u00eds durante el viernes 30 de noviembre debido a la Cumbre del G20.<\/p>\n<p>Como el encuentro de mandatarios ser\u00e1 en Capital Federal, el Ministerio de Justicia y Derechos Humanos de la Naci\u00f3n consider\u00f3 \u00abnecesario\u00bb establecer como feriado el viernes 30 de noviembre en la Ciudad de Buenos Aires. Sin embargo, el feriado bancario se aplicar\u00e1 \u00aben todo el \u00e1mbito de la Rep\u00fablica Argentina\u00bb.<\/p>\n","protected":false},"excerpt":{"rendered":"<p>Pese a que el asueto por la cumbre rige solo para Capital Federal, los bancos de todas las provincias permanecer\u00e1n cerrados. El Banco Central de la Rep\u00fablica Argentina decret\u00f3 que no habr\u00e1 bancos en todo el pa\u00eds durante el viernes 30 de noviembre debido a la Cumbre del G20. Como el encuentro de mandatarios ser\u00e1 [&hellip;]<\/p>\n","protected":false},"author":4,"featured_media":25629,"comment_status":"open","ping_status":"closed","sticky":false,"template":"","format":"standard","meta":{"om_disable_all_campaigns":false,"_jetpack_memberships_contains_paid_content":false,"footnotes":""},"categories":[101,2],"tags":[],"class_list":["post-44436","post","type-post","status-publish","format-standard","has-post-thumbnail","hentry","category-interes-general-locales","category-locales"],"aioseo_notices":[],"gutentor_comment":0,"jetpack_featured_media_url":"https:\/\/eldiariodesanpedro.com.ar\/sitio\/wp-content\/uploads\/2017\/11\/banco-nacion-san-pedro.jpg","jetpack_shortlink":"https:\/\/wp.me\/p6RhLt-byI","jetpack_sharing_enabled":true,"_links":{"self":[{"href":"https:\/\/eldiariodesanpedro.com.ar\/sitio\/wp-json\/wp\/v2\/posts\/44436","targetHints":{"allow":["GET"]}}],"collection":[{"href":"https:\/\/eldiariodesanpedro.com.ar\/sitio\/wp-json\/wp\/v2\/posts"}],"about":[{"href":"https:\/\/eldiariodesanpedro.com.ar\/sitio\/wp-json\/wp\/v2\/types\/post"}],"author":[{"embeddable":true,"href":"https:\/\/eldiariodesanpedro.com.ar\/sitio\/wp-json\/wp\/v2\/users\/4"}],"replies":[{"embeddable":true,"href":"https:\/\/eldiariodesanpedro.com.ar\/sitio\/wp-json\/wp\/v2\/comments?post=44436"}],"version-history":[{"count":1,"href":"https:\/\/eldiariodesanpedro.com.ar\/sitio\/wp-json\/wp\/v2\/posts\/44436\/revisions"}],"predecessor-version":[{"id":44438,"href":"https:\/\/eldiariodesanpedro.com.ar\/sitio\/wp-json\/wp\/v2\/posts\/44436\/revisions\/44438"}],"wp:featuredmedia":[{"embeddable":true,"href":"https:\/\/eldiariodesanpedro.com.ar\/sitio\/wp-json\/wp\/v2\/media\/25629"}],"wp:attachment":[{"href":"https:\/\/eldiariodesanpedro.com.ar\/sitio\/wp-json\/wp\/v2\/media?parent=44436"}],"wp:term":[{"taxonomy":"category","embeddable":true,"href":"https:\/\/eldiariodesanpedro.com.ar\/sitio\/wp-json\/wp\/v2\/categories?post=44436"},{"taxonomy":"post_tag","embeddable":true,"href":"https:\/\/eldiariodesanpedro.com.ar\/sitio\/wp-json\/wp\/v2\/tags?post=44436"}],"curies":[{"name":"wp","href":"https:\/\/api.w.org\/{rel}","templated":true}]}}