{"id":44433,"date":"2018-11-29T10:29:17","date_gmt":"2018-11-29T13:29:17","guid":{"rendered":"https:\/\/eldiariodesanpedro.com.ar\/sitio\/?p=44433"},"modified":"2018-11-29T10:29:17","modified_gmt":"2018-11-29T13:29:17","slug":"cierres-del-programa-animate-vos-vales","status":"publish","type":"post","link":"https:\/\/eldiariodesanpedro.com.ar\/sitio\/cierres-del-programa-animate-vos-vales\/","title":{"rendered":"Cierres del Programa \u00abAnimate Vos Vales\u00bb"},"content":{"rendered":"<p><!-- VideographyWP Plugin Message: Automatic video embedding prevented by plugin options. --><br \/>\nLa Municipalidad de San Pedro a trav\u00e9s de la Secretar\u00eda de Desarrollo Humano y de todas las \u00e1reas involucradas en la realizaci\u00f3n de la edici\u00f3n 2018 del Programa Animate Vos Vales informan las actividades previstas para el cierre de los talleres que llevaron diferentes propuestas art\u00edsticas, deportivas y culturales a barrios y localidades del Partido.<br \/>\nEl programa impulsado con el objetivo de impulsar pol\u00edticas de prevenci\u00f3n y promoci\u00f3n para ni\u00f1os, adolescentes, adultos y adultos mayores tendr\u00e1 los cierres en cada uno de los espacios en los que se desarrollaron los encuentros durante el a\u00f1o.<\/p>\n<p>El cronograma previsto es el siguiente:<\/p>\n<p>Teatro  &#8211; Daniel Corti<br \/>\nViernes 30\/11 20:00 &#8211;  Adultos en el Siripo<br \/>\nMartes 4\/12 20:30  &#8211;  Ni\u00f1os en el Siripo<br \/>\nMi\u00e9rcoles 5\/12 20:30 &#8211;  Ni\u00f1os y Adultos La Buena Moza<\/p>\n<p>Ritmo Urbano &#8211; Tamara Pettone<br \/>\nJueves 29\/11 &#8211; 10:00 Depietri<br \/>\nJueves 29\/11 &#8211; 15:00 Cooperativa Las Canaletas <\/p>\n<p>Zumba &#8211; Ivana Cislo<br \/>\nJueves 29\/11 &#8211; 15:30 en Vuelta de Obligado<br \/>\nJueves 29\/11 &#8211; 19:00 en Gobernador Castro <\/p>\n<p>Taller de Cer\u00e1mica &#8211; Guillermina Berola<br \/>\nJueves 29\/11 &#8211; 16:00 en Viejo Astillero <\/p>\n<p>Taller de Pl\u00e1stica &#8211; Victoria Camescasse<br \/>\nSabado 08\/12 (horario y lugar a confirmar)<\/p>\n","protected":false},"excerpt":{"rendered":"<p>La Municipalidad de San Pedro a trav\u00e9s de la Secretar\u00eda de Desarrollo Humano y de todas las \u00e1reas involucradas en la realizaci\u00f3n de la edici\u00f3n 2018 del Programa Animate Vos Vales informan las actividades previstas para el cierre de los talleres que llevaron diferentes propuestas art\u00edsticas, deportivas y culturales a barrios y localidades del Partido. [&hellip;]<\/p>\n","protected":false},"author":4,"featured_media":44434,"comment_status":"open","ping_status":"closed","sticky":false,"template":"","format":"standard","meta":{"om_disable_all_campaigns":false,"_jetpack_memberships_contains_paid_content":false,"footnotes":""},"categories":[101,2],"tags":[],"class_list":["post-44433","post","type-post","status-publish","format-standard","has-post-thumbnail","hentry","category-interes-general-locales","category-locales"],"aioseo_notices":[],"gutentor_comment":0,"jetpack_featured_media_url":"https:\/\/eldiariodesanpedro.com.ar\/sitio\/wp-content\/uploads\/2018\/11\/pastedImage-1-4.png","jetpack_shortlink":"https:\/\/wp.me\/p6RhLt-byF","jetpack_sharing_enabled":true,"_links":{"self":[{"href":"https:\/\/eldiariodesanpedro.com.ar\/sitio\/wp-json\/wp\/v2\/posts\/44433","targetHints":{"allow":["GET"]}}],"collection":[{"href":"https:\/\/eldiariodesanpedro.com.ar\/sitio\/wp-json\/wp\/v2\/posts"}],"about":[{"href":"https:\/\/eldiariodesanpedro.com.ar\/sitio\/wp-json\/wp\/v2\/types\/post"}],"author":[{"embeddable":true,"href":"https:\/\/eldiariodesanpedro.com.ar\/sitio\/wp-json\/wp\/v2\/users\/4"}],"replies":[{"embeddable":true,"href":"https:\/\/eldiariodesanpedro.com.ar\/sitio\/wp-json\/wp\/v2\/comments?post=44433"}],"version-history":[{"count":1,"href":"https:\/\/eldiariodesanpedro.com.ar\/sitio\/wp-json\/wp\/v2\/posts\/44433\/revisions"}],"predecessor-version":[{"id":44435,"href":"https:\/\/eldiariodesanpedro.com.ar\/sitio\/wp-json\/wp\/v2\/posts\/44433\/revisions\/44435"}],"wp:featuredmedia":[{"embeddable":true,"href":"https:\/\/eldiariodesanpedro.com.ar\/sitio\/wp-json\/wp\/v2\/media\/44434"}],"wp:attachment":[{"href":"https:\/\/eldiariodesanpedro.com.ar\/sitio\/wp-json\/wp\/v2\/media?parent=44433"}],"wp:term":[{"taxonomy":"category","embeddable":true,"href":"https:\/\/eldiariodesanpedro.com.ar\/sitio\/wp-json\/wp\/v2\/categories?post=44433"},{"taxonomy":"post_tag","embeddable":true,"href":"https:\/\/eldiariodesanpedro.com.ar\/sitio\/wp-json\/wp\/v2\/tags?post=44433"}],"curies":[{"name":"wp","href":"https:\/\/api.w.org\/{rel}","templated":true}]}}