{"id":44427,"date":"2018-11-29T10:41:10","date_gmt":"2018-11-29T13:41:10","guid":{"rendered":"https:\/\/eldiariodesanpedro.com.ar\/sitio\/?p=44427"},"modified":"2018-11-29T10:41:10","modified_gmt":"2018-11-29T13:41:10","slug":"fue-detenido-el-delincuente-que-asaltaron-a-una-familia-junto-al-menor-de-14-anos","status":"publish","type":"post","link":"https:\/\/eldiariodesanpedro.com.ar\/sitio\/fue-detenido-el-delincuente-que-asaltaron-a-una-familia-junto-al-menor-de-14-anos\/","title":{"rendered":"Fue detenido el delincuente que asaltaron a una familia junto al menor de 14 a\u00f1os"},"content":{"rendered":"<p><!-- VideographyWP Plugin Message: Automatic video embedding prevented by plugin options. --><br \/>\nEl detenido esta acusado de asaltar a una familia mientras dorm\u00edan con arma de fuego. Esa madrugada habr\u00eda ingresado junto a un adolescente delincuente quienes lograron desvalijar la casa ubicada frente al Club Am\u00e9rica.<\/p>\n<p>La detenci\u00f3n se efectivizo en horas de la tarde del mi\u00e9rcoles, el delincuente de 23 a\u00f1os de edad, registraba \u00abpedido detenci\u00f3n por el hecho de robo calificado y robo\u00bb, requerido por la justicia ordinaria de San Nicolas.<\/p>\n<p>C\u00f3mplice del peligroso menor delincuente que fue aprehendido tambi\u00e9n luego de cometer  otros hechos delictivos pero liberado y entregado a sus responsables por orden del Juez.<\/p>\n<p>El detenido permanece alojado en la comisaria local.<\/p>\n","protected":false},"excerpt":{"rendered":"<p>El detenido esta acusado de asaltar a una familia mientras dorm\u00edan con arma de fuego. Esa madrugada habr\u00eda ingresado junto a un adolescente delincuente quienes lograron desvalijar la casa ubicada frente al Club Am\u00e9rica. La detenci\u00f3n se efectivizo en horas de la tarde del mi\u00e9rcoles, el delincuente de 23 a\u00f1os de edad, registraba \u00abpedido detenci\u00f3n [&hellip;]<\/p>\n","protected":false},"author":4,"featured_media":44405,"comment_status":"open","ping_status":"closed","sticky":false,"template":"","format":"standard","meta":{"om_disable_all_campaigns":false,"_jetpack_memberships_contains_paid_content":false,"footnotes":""},"categories":[50,2,103],"tags":[],"class_list":["post-44427","post","type-post","status-publish","format-standard","has-post-thumbnail","hentry","category-destacadas","category-locales","category-policiales-locales"],"aioseo_notices":[],"gutentor_comment":0,"jetpack_featured_media_url":"https:\/\/eldiariodesanpedro.com.ar\/sitio\/wp-content\/uploads\/2018\/11\/WhatsApp-Image-2018-11-29-at-07.59.19.jpeg","jetpack_shortlink":"https:\/\/wp.me\/p6RhLt-byz","jetpack_sharing_enabled":true,"_links":{"self":[{"href":"https:\/\/eldiariodesanpedro.com.ar\/sitio\/wp-json\/wp\/v2\/posts\/44427","targetHints":{"allow":["GET"]}}],"collection":[{"href":"https:\/\/eldiariodesanpedro.com.ar\/sitio\/wp-json\/wp\/v2\/posts"}],"about":[{"href":"https:\/\/eldiariodesanpedro.com.ar\/sitio\/wp-json\/wp\/v2\/types\/post"}],"author":[{"embeddable":true,"href":"https:\/\/eldiariodesanpedro.com.ar\/sitio\/wp-json\/wp\/v2\/users\/4"}],"replies":[{"embeddable":true,"href":"https:\/\/eldiariodesanpedro.com.ar\/sitio\/wp-json\/wp\/v2\/comments?post=44427"}],"version-history":[{"count":1,"href":"https:\/\/eldiariodesanpedro.com.ar\/sitio\/wp-json\/wp\/v2\/posts\/44427\/revisions"}],"predecessor-version":[{"id":44437,"href":"https:\/\/eldiariodesanpedro.com.ar\/sitio\/wp-json\/wp\/v2\/posts\/44427\/revisions\/44437"}],"wp:featuredmedia":[{"embeddable":true,"href":"https:\/\/eldiariodesanpedro.com.ar\/sitio\/wp-json\/wp\/v2\/media\/44405"}],"wp:attachment":[{"href":"https:\/\/eldiariodesanpedro.com.ar\/sitio\/wp-json\/wp\/v2\/media?parent=44427"}],"wp:term":[{"taxonomy":"category","embeddable":true,"href":"https:\/\/eldiariodesanpedro.com.ar\/sitio\/wp-json\/wp\/v2\/categories?post=44427"},{"taxonomy":"post_tag","embeddable":true,"href":"https:\/\/eldiariodesanpedro.com.ar\/sitio\/wp-json\/wp\/v2\/tags?post=44427"}],"curies":[{"name":"wp","href":"https:\/\/api.w.org\/{rel}","templated":true}]}}