{"id":44423,"date":"2018-11-29T10:18:52","date_gmt":"2018-11-29T13:18:52","guid":{"rendered":"https:\/\/eldiariodesanpedro.com.ar\/sitio\/?p=44423"},"modified":"2018-11-29T10:18:52","modified_gmt":"2018-11-29T13:18:52","slug":"capacitacion-de-fundaluz-sobre-redes-en-baja-y-media-tension","status":"publish","type":"post","link":"https:\/\/eldiariodesanpedro.com.ar\/sitio\/capacitacion-de-fundaluz-sobre-redes-en-baja-y-media-tension\/","title":{"rendered":"Capacitaci\u00f3n de FUNDALUZ sobre redes en baja y media tensi\u00f3n"},"content":{"rendered":"<p><!-- VideographyWP Plugin Message: Automatic video embedding prevented by plugin options. --><br \/>\nDurante toda la semana en el obrador de COOPSER se cumple con la \u00faltima actividad del a\u00f1o dictada por personal de un equipo m\u00f3vil de capacitaci\u00f3n de FUNDALUZ, la organizaci\u00f3n creada para tal fin por la Federaci\u00f3n Argentina de Trabajadores de Luz y Fuerza. <\/p>\n<p>Con personal especialista en Seguridad, Higiene y Medio Ambiente Laboral, en Generaci\u00f3n, Transmisi\u00f3n y Distribuci\u00f3n de Energ\u00eda El\u00e9ctrica, visitan cooperativas y empresas para ofrecer clases te\u00f3ricas y pr\u00e1cticas que son frecuentes en COOPSER.<br \/>\nEn esta oportunidad, hasta el viernes, el trabajo est\u00e1 destinado a unos 15 empleados ingresados en el \u00faltimo tiempo y aborda el manejo de redes en baja y media tensi\u00f3n.<\/p>\n<p>As\u00ed como en las oportunidades anteriores, este tipo de propuesta para el personal de COOPSER genera una mayor capacidad de respuesta para las situaciones cotidianas y mantiene actualizados y prevenidos a quienes componen los diferentes equipos de trabajo para mejorar la calidad del servicio el\u00e9ctrico.<\/p>\n<p><img decoding=\"async\" data-attachment-id=\"44426\" data-permalink=\"https:\/\/eldiariodesanpedro.com.ar\/sitio\/capacitacion-de-fundaluz-sobre-redes-en-baja-y-media-tension\/f1-3\/\" data-orig-file=\"https:\/\/eldiariodesanpedro.com.ar\/sitio\/wp-content\/uploads\/2018\/11\/f1.jpg\" data-orig-size=\"1280,960\" data-comments-opened=\"1\" data-image-meta=\"{&quot;aperture&quot;:&quot;0&quot;,&quot;credit&quot;:&quot;&quot;,&quot;camera&quot;:&quot;&quot;,&quot;caption&quot;:&quot;&quot;,&quot;created_timestamp&quot;:&quot;0&quot;,&quot;copyright&quot;:&quot;&quot;,&quot;focal_length&quot;:&quot;0&quot;,&quot;iso&quot;:&quot;0&quot;,&quot;shutter_speed&quot;:&quot;0&quot;,&quot;title&quot;:&quot;&quot;,&quot;orientation&quot;:&quot;0&quot;}\" data-image-title=\"f1\" data-image-description=\"\" data-image-caption=\"\" data-large-file=\"https:\/\/eldiariodesanpedro.com.ar\/sitio\/wp-content\/uploads\/2018\/11\/f1-1024x768.jpg\" data-src=\"https:\/\/eldiariodesanpedro.com.ar\/sitio\/wp-content\/uploads\/2018\/11\/f1-1024x768.jpg\" alt=\"\" width=\"660\" height=\"495\" class=\"alignnone size-large wp-image-44426 lazyload\" data-srcset=\"https:\/\/eldiariodesanpedro.com.ar\/sitio\/wp-content\/uploads\/2018\/11\/f1-1024x768.jpg 1024w, https:\/\/eldiariodesanpedro.com.ar\/sitio\/wp-content\/uploads\/2018\/11\/f1-300x225.jpg 300w, https:\/\/eldiariodesanpedro.com.ar\/sitio\/wp-content\/uploads\/2018\/11\/f1-768x576.jpg 768w, https:\/\/eldiariodesanpedro.com.ar\/sitio\/wp-content\/uploads\/2018\/11\/f1.jpg 1280w\" data-sizes=\"(max-width: 660px) 100vw, 660px\" src=\"data:image\/svg+xml;base64,PHN2ZyB3aWR0aD0iMSIgaGVpZ2h0PSIxIiB4bWxucz0iaHR0cDovL3d3dy53My5vcmcvMjAwMC9zdmciPjwvc3ZnPg==\" style=\"--smush-placeholder-width: 660px; --smush-placeholder-aspect-ratio: 660\/495;\" \/><\/p>\n<p><img decoding=\"async\" data-attachment-id=\"44428\" data-permalink=\"https:\/\/eldiariodesanpedro.com.ar\/sitio\/capacitacion-de-fundaluz-sobre-redes-en-baja-y-media-tension\/f2\/\" data-orig-file=\"https:\/\/eldiariodesanpedro.com.ar\/sitio\/wp-content\/uploads\/2018\/11\/f2.jpg\" data-orig-size=\"960,1280\" data-comments-opened=\"1\" data-image-meta=\"{&quot;aperture&quot;:&quot;0&quot;,&quot;credit&quot;:&quot;&quot;,&quot;camera&quot;:&quot;&quot;,&quot;caption&quot;:&quot;&quot;,&quot;created_timestamp&quot;:&quot;0&quot;,&quot;copyright&quot;:&quot;&quot;,&quot;focal_length&quot;:&quot;0&quot;,&quot;iso&quot;:&quot;0&quot;,&quot;shutter_speed&quot;:&quot;0&quot;,&quot;title&quot;:&quot;&quot;,&quot;orientation&quot;:&quot;0&quot;}\" data-image-title=\"f2\" data-image-description=\"\" data-image-caption=\"\" data-large-file=\"https:\/\/eldiariodesanpedro.com.ar\/sitio\/wp-content\/uploads\/2018\/11\/f2-768x1024.jpg\" data-src=\"https:\/\/eldiariodesanpedro.com.ar\/sitio\/wp-content\/uploads\/2018\/11\/f2-768x1024.jpg\" alt=\"\" width=\"660\" height=\"880\" class=\"alignnone size-large wp-image-44428 lazyload\" data-srcset=\"https:\/\/eldiariodesanpedro.com.ar\/sitio\/wp-content\/uploads\/2018\/11\/f2-768x1024.jpg 768w, https:\/\/eldiariodesanpedro.com.ar\/sitio\/wp-content\/uploads\/2018\/11\/f2-225x300.jpg 225w, https:\/\/eldiariodesanpedro.com.ar\/sitio\/wp-content\/uploads\/2018\/11\/f2.jpg 960w\" data-sizes=\"(max-width: 660px) 100vw, 660px\" src=\"data:image\/svg+xml;base64,PHN2ZyB3aWR0aD0iMSIgaGVpZ2h0PSIxIiB4bWxucz0iaHR0cDovL3d3dy53My5vcmcvMjAwMC9zdmciPjwvc3ZnPg==\" style=\"--smush-placeholder-width: 660px; --smush-placeholder-aspect-ratio: 660\/880;\" \/><\/p>\n","protected":false},"excerpt":{"rendered":"<p>Durante toda la semana en el obrador de COOPSER se cumple con la \u00faltima actividad del a\u00f1o dictada por personal de un equipo m\u00f3vil de capacitaci\u00f3n de FUNDALUZ, la organizaci\u00f3n creada para tal fin por la Federaci\u00f3n Argentina de Trabajadores de Luz y Fuerza. Con personal especialista en Seguridad, Higiene y Medio Ambiente Laboral, en [&hellip;]<\/p>\n","protected":false},"author":4,"featured_media":44425,"comment_status":"open","ping_status":"closed","sticky":false,"template":"","format":"standard","meta":{"om_disable_all_campaigns":false,"_jetpack_memberships_contains_paid_content":false,"footnotes":""},"categories":[101,2],"tags":[],"class_list":["post-44423","post","type-post","status-publish","format-standard","has-post-thumbnail","hentry","category-interes-general-locales","category-locales"],"aioseo_notices":[],"gutentor_comment":0,"jetpack_featured_media_url":"https:\/\/eldiariodesanpedro.com.ar\/sitio\/wp-content\/uploads\/2018\/11\/f3.jpg","jetpack_shortlink":"https:\/\/wp.me\/p6RhLt-byv","jetpack_sharing_enabled":true,"_links":{"self":[{"href":"https:\/\/eldiariodesanpedro.com.ar\/sitio\/wp-json\/wp\/v2\/posts\/44423","targetHints":{"allow":["GET"]}}],"collection":[{"href":"https:\/\/eldiariodesanpedro.com.ar\/sitio\/wp-json\/wp\/v2\/posts"}],"about":[{"href":"https:\/\/eldiariodesanpedro.com.ar\/sitio\/wp-json\/wp\/v2\/types\/post"}],"author":[{"embeddable":true,"href":"https:\/\/eldiariodesanpedro.com.ar\/sitio\/wp-json\/wp\/v2\/users\/4"}],"replies":[{"embeddable":true,"href":"https:\/\/eldiariodesanpedro.com.ar\/sitio\/wp-json\/wp\/v2\/comments?post=44423"}],"version-history":[{"count":1,"href":"https:\/\/eldiariodesanpedro.com.ar\/sitio\/wp-json\/wp\/v2\/posts\/44423\/revisions"}],"predecessor-version":[{"id":44429,"href":"https:\/\/eldiariodesanpedro.com.ar\/sitio\/wp-json\/wp\/v2\/posts\/44423\/revisions\/44429"}],"wp:featuredmedia":[{"embeddable":true,"href":"https:\/\/eldiariodesanpedro.com.ar\/sitio\/wp-json\/wp\/v2\/media\/44425"}],"wp:attachment":[{"href":"https:\/\/eldiariodesanpedro.com.ar\/sitio\/wp-json\/wp\/v2\/media?parent=44423"}],"wp:term":[{"taxonomy":"category","embeddable":true,"href":"https:\/\/eldiariodesanpedro.com.ar\/sitio\/wp-json\/wp\/v2\/categories?post=44423"},{"taxonomy":"post_tag","embeddable":true,"href":"https:\/\/eldiariodesanpedro.com.ar\/sitio\/wp-json\/wp\/v2\/tags?post=44423"}],"curies":[{"name":"wp","href":"https:\/\/api.w.org\/{rel}","templated":true}]}}