{"id":44420,"date":"2018-11-29T10:15:49","date_gmt":"2018-11-29T13:15:49","guid":{"rendered":"https:\/\/eldiariodesanpedro.com.ar\/sitio\/?p=44420"},"modified":"2018-11-29T10:15:49","modified_gmt":"2018-11-29T13:15:49","slug":"intento-robar-en-un-autoservicio-y-fue-aprehendido-dentro-del-mismo","status":"publish","type":"post","link":"https:\/\/eldiariodesanpedro.com.ar\/sitio\/intento-robar-en-un-autoservicio-y-fue-aprehendido-dentro-del-mismo\/","title":{"rendered":"Intento robar en un autoservicio y fue aprehendido dentro del mismo"},"content":{"rendered":"<p><!-- VideographyWP Plugin Message: Automatic video embedding prevented by plugin options. --><br \/>\nDos hechos de robo en el rubro de autoservicio fueron victimas esta madrugada. Uno en Tres de Febrero al 1050 y el otro al 1400. Ambos delincuentes fueron detenidos.<\/p>\n<p>Alrededor de las 2 de la ma\u00f1ana personal policial es alertado por vecinos del autoservicio de calle Tres de Febrero al 1050 donde un delincuente hab\u00eda saltado el tapial del mismo.<\/p>\n<p>Tras r\u00e1pido accionar de los efectivos logran su detenci\u00f3n quien ademas se encontraba ocasionando da\u00f1os en ventanas para ingresar al lugar.<\/p>\n<p>Tambi\u00e9n, a las 4 de la madrugada, ingresa otro malviviente a un autoservicio ubicado en Av. Tres de Febrero al 1445 logrando sustraer mercaderia, dinero en efectivo y emprender a la fuga en una bicicleta.<\/p>\n<p>Logran la detenci\u00f3n del sujeto en horas mas tardes, tras amplio operativo cerrojo, en persecuci\u00f3n sobre calle Jose Hernandez al 1640, dentro del patio de una vivienda.<\/p>\n<p>Se recuperaron los elementos robados y una bicicleta en la que circulaba el delincuente, la cual no es de su pertenencia y se busca al propietario.<\/p>\n","protected":false},"excerpt":{"rendered":"<p>Dos hechos de robo en el rubro de autoservicio fueron victimas esta madrugada. Uno en Tres de Febrero al 1050 y el otro al 1400. Ambos delincuentes fueron detenidos. Alrededor de las 2 de la ma\u00f1ana personal policial es alertado por vecinos del autoservicio de calle Tres de Febrero al 1050 donde un delincuente hab\u00eda [&hellip;]<\/p>\n","protected":false},"author":4,"featured_media":39230,"comment_status":"open","ping_status":"closed","sticky":false,"template":"","format":"standard","meta":{"om_disable_all_campaigns":false,"_jetpack_memberships_contains_paid_content":false,"footnotes":""},"categories":[50,2,103],"tags":[],"class_list":["post-44420","post","type-post","status-publish","format-standard","has-post-thumbnail","hentry","category-destacadas","category-locales","category-policiales-locales"],"aioseo_notices":[],"gutentor_comment":0,"jetpack_featured_media_url":"https:\/\/eldiariodesanpedro.com.ar\/sitio\/wp-content\/uploads\/2018\/08\/patrullero-policia_3.jpg","jetpack_shortlink":"https:\/\/wp.me\/p6RhLt-bys","jetpack_sharing_enabled":true,"_links":{"self":[{"href":"https:\/\/eldiariodesanpedro.com.ar\/sitio\/wp-json\/wp\/v2\/posts\/44420","targetHints":{"allow":["GET"]}}],"collection":[{"href":"https:\/\/eldiariodesanpedro.com.ar\/sitio\/wp-json\/wp\/v2\/posts"}],"about":[{"href":"https:\/\/eldiariodesanpedro.com.ar\/sitio\/wp-json\/wp\/v2\/types\/post"}],"author":[{"embeddable":true,"href":"https:\/\/eldiariodesanpedro.com.ar\/sitio\/wp-json\/wp\/v2\/users\/4"}],"replies":[{"embeddable":true,"href":"https:\/\/eldiariodesanpedro.com.ar\/sitio\/wp-json\/wp\/v2\/comments?post=44420"}],"version-history":[{"count":1,"href":"https:\/\/eldiariodesanpedro.com.ar\/sitio\/wp-json\/wp\/v2\/posts\/44420\/revisions"}],"predecessor-version":[{"id":44424,"href":"https:\/\/eldiariodesanpedro.com.ar\/sitio\/wp-json\/wp\/v2\/posts\/44420\/revisions\/44424"}],"wp:featuredmedia":[{"embeddable":true,"href":"https:\/\/eldiariodesanpedro.com.ar\/sitio\/wp-json\/wp\/v2\/media\/39230"}],"wp:attachment":[{"href":"https:\/\/eldiariodesanpedro.com.ar\/sitio\/wp-json\/wp\/v2\/media?parent=44420"}],"wp:term":[{"taxonomy":"category","embeddable":true,"href":"https:\/\/eldiariodesanpedro.com.ar\/sitio\/wp-json\/wp\/v2\/categories?post=44420"},{"taxonomy":"post_tag","embeddable":true,"href":"https:\/\/eldiariodesanpedro.com.ar\/sitio\/wp-json\/wp\/v2\/tags?post=44420"}],"curies":[{"name":"wp","href":"https:\/\/api.w.org\/{rel}","templated":true}]}}