{"id":44402,"date":"2018-11-29T09:01:42","date_gmt":"2018-11-29T12:01:42","guid":{"rendered":"https:\/\/eldiariodesanpedro.com.ar\/sitio\/?p=44402"},"modified":"2018-11-29T09:01:42","modified_gmt":"2018-11-29T12:01:42","slug":"se-secuestro-una-moto-robada-pero-el-delincuente-se-dio-a-la-fuga","status":"publish","type":"post","link":"https:\/\/eldiariodesanpedro.com.ar\/sitio\/se-secuestro-una-moto-robada-pero-el-delincuente-se-dio-a-la-fuga\/","title":{"rendered":"Se secuestro una moto robada pero el delincuente se dio a la fuga"},"content":{"rendered":"<p><!-- VideographyWP Plugin Message: Automatic video embedding prevented by plugin options. --><br \/>\nEn la noche del mi\u00e9rcoles, el personal de Gabinete criminol\u00f3gico se encontraba persiguiendo a un conocido delincuente con frondosos antecedentes que circulaba en una motocicleta.<\/p>\n<p>Al encontrarse acorralado por los efectivos, el malviviente al llegar a calle Lavalle, altura del callej\u00f3n del Tano abandona moto y emprende la fuga por zona descampada, perdi\u00e9ndose en la oscuridad.<\/p>\n<p>La motocicleta quedo secuestrada, se trata de una Yamaha 250 cc, que hab\u00eda sido sustra\u00edda el mismo mi\u00e9rcoles en la primeras horas del d\u00eda del interior de un domicilio de calle Berutti al 300. <\/p>\n<p>Se continua la b\u00fasqueda del delincuente, y se prosiguen tareas con intervenci\u00f3n de la fiscal\u00eda en turno de San Pedro<\/p>\n","protected":false},"excerpt":{"rendered":"<p>En la noche del mi\u00e9rcoles, el personal de Gabinete criminol\u00f3gico se encontraba persiguiendo a un conocido delincuente con frondosos antecedentes que circulaba en una motocicleta. Al encontrarse acorralado por los efectivos, el malviviente al llegar a calle Lavalle, altura del callej\u00f3n del Tano abandona moto y emprende la fuga por zona descampada, perdi\u00e9ndose en la [&hellip;]<\/p>\n","protected":false},"author":4,"featured_media":44403,"comment_status":"open","ping_status":"closed","sticky":false,"template":"","format":"standard","meta":{"om_disable_all_campaigns":false,"_jetpack_memberships_contains_paid_content":false,"footnotes":""},"categories":[50,2,103],"tags":[],"class_list":["post-44402","post","type-post","status-publish","format-standard","has-post-thumbnail","hentry","category-destacadas","category-locales","category-policiales-locales"],"aioseo_notices":[],"gutentor_comment":0,"jetpack_featured_media_url":"https:\/\/eldiariodesanpedro.com.ar\/sitio\/wp-content\/uploads\/2018\/11\/WhatsApp-Image-2018-11-29-at-07.59.15.jpeg","jetpack_shortlink":"https:\/\/wp.me\/p6RhLt-bya","jetpack_sharing_enabled":true,"_links":{"self":[{"href":"https:\/\/eldiariodesanpedro.com.ar\/sitio\/wp-json\/wp\/v2\/posts\/44402","targetHints":{"allow":["GET"]}}],"collection":[{"href":"https:\/\/eldiariodesanpedro.com.ar\/sitio\/wp-json\/wp\/v2\/posts"}],"about":[{"href":"https:\/\/eldiariodesanpedro.com.ar\/sitio\/wp-json\/wp\/v2\/types\/post"}],"author":[{"embeddable":true,"href":"https:\/\/eldiariodesanpedro.com.ar\/sitio\/wp-json\/wp\/v2\/users\/4"}],"replies":[{"embeddable":true,"href":"https:\/\/eldiariodesanpedro.com.ar\/sitio\/wp-json\/wp\/v2\/comments?post=44402"}],"version-history":[{"count":1,"href":"https:\/\/eldiariodesanpedro.com.ar\/sitio\/wp-json\/wp\/v2\/posts\/44402\/revisions"}],"predecessor-version":[{"id":44411,"href":"https:\/\/eldiariodesanpedro.com.ar\/sitio\/wp-json\/wp\/v2\/posts\/44402\/revisions\/44411"}],"wp:featuredmedia":[{"embeddable":true,"href":"https:\/\/eldiariodesanpedro.com.ar\/sitio\/wp-json\/wp\/v2\/media\/44403"}],"wp:attachment":[{"href":"https:\/\/eldiariodesanpedro.com.ar\/sitio\/wp-json\/wp\/v2\/media?parent=44402"}],"wp:term":[{"taxonomy":"category","embeddable":true,"href":"https:\/\/eldiariodesanpedro.com.ar\/sitio\/wp-json\/wp\/v2\/categories?post=44402"},{"taxonomy":"post_tag","embeddable":true,"href":"https:\/\/eldiariodesanpedro.com.ar\/sitio\/wp-json\/wp\/v2\/tags?post=44402"}],"curies":[{"name":"wp","href":"https:\/\/api.w.org\/{rel}","templated":true}]}}