{"id":44390,"date":"2018-11-28T21:17:50","date_gmt":"2018-11-29T00:17:50","guid":{"rendered":"https:\/\/eldiariodesanpedro.com.ar\/sitio\/?p=44390"},"modified":"2018-11-28T21:17:50","modified_gmt":"2018-11-29T00:17:50","slug":"finalizo-la-obra-de-pavimentacion-en-gobernador-castro","status":"publish","type":"post","link":"https:\/\/eldiariodesanpedro.com.ar\/sitio\/finalizo-la-obra-de-pavimentacion-en-gobernador-castro\/","title":{"rendered":"Finaliz\u00f3 la obra de pavimentaci\u00f3n en Gobernador Castro"},"content":{"rendered":"<p><!-- VideographyWP Plugin Message: Automatic video embedding prevented by plugin options. --><br \/>\n  El Intendente Cecilio Salazar, el Secretario de Coordinaci\u00f3n Ram\u00f3n Salazar, el Secretario de Obras P\u00fablicas Ariel \u00c1lvarez, el Delegado de la localidad \u00c1ngel \u00c1lvarez y concejales de nuestra ciudad recorrieron anoche las calles que fueron pavimentadas durante los \u00faltimos d\u00edas en el inicio del plan que llevar\u00e1 esta mejorar a 135 cuadras de todo el Partido de San Pedro.<br \/>\n  En Gobernador Castro fueron 22 calles que en el inicio de la obra fueron visitadas por funcionarios provinciales y que provocan un efecto altamente positivo en varias familias. En la recorrida tambi\u00e9n estuvieron presentes autoridades del Club Agricultores y vecinos. El Intendente volvi\u00f3 a reiterarles a los presentes que se han realizado todas las presentaciones para que en breve se reciba una respuesta favorable a las peticiones formuladas para repavimentar el acceso desde Ruta 9.<\/p>\n","protected":false},"excerpt":{"rendered":"<p>El Intendente Cecilio Salazar, el Secretario de Coordinaci\u00f3n Ram\u00f3n Salazar, el Secretario de Obras P\u00fablicas Ariel \u00c1lvarez, el Delegado de la localidad \u00c1ngel \u00c1lvarez y concejales de nuestra ciudad recorrieron anoche las calles que fueron pavimentadas durante los \u00faltimos d\u00edas en el inicio del plan que llevar\u00e1 esta mejorar a 135 cuadras de todo el [&hellip;]<\/p>\n","protected":false},"author":4,"featured_media":44392,"comment_status":"open","ping_status":"closed","sticky":false,"template":"","format":"standard","meta":{"om_disable_all_campaigns":false,"_jetpack_memberships_contains_paid_content":false,"footnotes":""},"categories":[101,2],"tags":[],"class_list":["post-44390","post","type-post","status-publish","format-standard","has-post-thumbnail","hentry","category-interes-general-locales","category-locales"],"aioseo_notices":[],"gutentor_comment":0,"jetpack_featured_media_url":"https:\/\/eldiariodesanpedro.com.ar\/sitio\/wp-content\/uploads\/2018\/11\/PAGINA-5-DOS.jpg","jetpack_shortlink":"https:\/\/wp.me\/p6RhLt-bxY","jetpack_sharing_enabled":true,"_links":{"self":[{"href":"https:\/\/eldiariodesanpedro.com.ar\/sitio\/wp-json\/wp\/v2\/posts\/44390","targetHints":{"allow":["GET"]}}],"collection":[{"href":"https:\/\/eldiariodesanpedro.com.ar\/sitio\/wp-json\/wp\/v2\/posts"}],"about":[{"href":"https:\/\/eldiariodesanpedro.com.ar\/sitio\/wp-json\/wp\/v2\/types\/post"}],"author":[{"embeddable":true,"href":"https:\/\/eldiariodesanpedro.com.ar\/sitio\/wp-json\/wp\/v2\/users\/4"}],"replies":[{"embeddable":true,"href":"https:\/\/eldiariodesanpedro.com.ar\/sitio\/wp-json\/wp\/v2\/comments?post=44390"}],"version-history":[{"count":1,"href":"https:\/\/eldiariodesanpedro.com.ar\/sitio\/wp-json\/wp\/v2\/posts\/44390\/revisions"}],"predecessor-version":[{"id":44393,"href":"https:\/\/eldiariodesanpedro.com.ar\/sitio\/wp-json\/wp\/v2\/posts\/44390\/revisions\/44393"}],"wp:featuredmedia":[{"embeddable":true,"href":"https:\/\/eldiariodesanpedro.com.ar\/sitio\/wp-json\/wp\/v2\/media\/44392"}],"wp:attachment":[{"href":"https:\/\/eldiariodesanpedro.com.ar\/sitio\/wp-json\/wp\/v2\/media?parent=44390"}],"wp:term":[{"taxonomy":"category","embeddable":true,"href":"https:\/\/eldiariodesanpedro.com.ar\/sitio\/wp-json\/wp\/v2\/categories?post=44390"},{"taxonomy":"post_tag","embeddable":true,"href":"https:\/\/eldiariodesanpedro.com.ar\/sitio\/wp-json\/wp\/v2\/tags?post=44390"}],"curies":[{"name":"wp","href":"https:\/\/api.w.org\/{rel}","templated":true}]}}