{"id":44387,"date":"2018-11-28T21:16:35","date_gmt":"2018-11-29T00:16:35","guid":{"rendered":"https:\/\/eldiariodesanpedro.com.ar\/sitio\/?p=44387"},"modified":"2018-11-28T21:16:35","modified_gmt":"2018-11-29T00:16:35","slug":"acuerdo-en-el-aumento-del-salario-de-los-empleados-de-comercio","status":"publish","type":"post","link":"https:\/\/eldiariodesanpedro.com.ar\/sitio\/acuerdo-en-el-aumento-del-salario-de-los-empleados-de-comercio\/","title":{"rendered":"Acuerdo en el aumento del salario de los empleados de comercio"},"content":{"rendered":"<p><!-- VideographyWP Plugin Message: Automatic video embedding prevented by plugin options. --><br \/>\nLa C\u00e1mara Argentina de Comercio y Servicios (CAC) firmo con fecha 27\/11\/2018, con la Federaci\u00f3n Argentina de Empleados de Comercio y Servicios (FAECYS), un incremento salarial del 20%.<\/p>\n<p>  Se estableci\u00f3 que dicho incremento deber\u00e1 calcularse, sobre las escalas vigentes de las remuneraciones b\u00e1sicas del CCT N\u00ba 130\/75, en los valores expresados para el mes de marzo de 2018.<br \/>\n  Dicho incremento se abonar\u00e1, no acumulativamente y ser\u00e1 proporcional a la jornada que cumplan los trabajadores del CCT 130\/75, de la siguiente manera:<br \/>\na) Un 7% del total, a partir del mes de enero de 2019<br \/>\nb) Un 7% del total, a partir del mes de febrero de 2019<br \/>\nc) Un 6% del total, a partir del mes de marzo de 2019<br \/>\n  Tambi\u00e9n aplicar\u00e1 este incremento, en virtud de lo establecido en el art. 28 del CCT 130\/75, sobre los adicionales previstos en los art 23, 30 y 36 del referido convenio (vidrieristas, cajeros y choferes).<br \/>\n  El adicional especial cajera previsto en el art. 18 del Acuerdo Colectivo de fecha 22\/06\/2011, se pact\u00f3 en $13.140,37 a partir del mes de enero 2019, en $14.406,37, a partir de febrero 2019 y en $15.094,00 a partir de marzo 2019.<br \/>\n  Con relaci\u00f3n a la asignaci\u00f3n no remunerativa (\u201cbono\u201d) prevista en el art. 1 del Decreto N\u00ba 1043\/18 solo se acord\u00f3 mantenerle el antedicho car\u00e1cter.<br \/>\nPor ello como no se pact\u00f3 \u201cexpresamente su no absorci\u00f3n\u201d \u2013sic- (art. 4 final del 1\u00ba p\u00e1rr.) el bono puede ser compensado unilateralmente por los empleadores.<br \/>\n  Lo expuesto en virtud del tercer p\u00e1rrafo, del antes referido art\u00edculo 4\u00ba, que seguidamente se transcribe:<br \/>\n  Consecuentemente mantiene su vigencia el 3 p\u00e1rr. del citado art\u00edculo 4\u00ba en cuanto establece:  \u201cLos empleadores que hubiesen otorgado unilateralmente otros incrementos sobre los ingresos de los trabajadores a partir del 1\u00ba de enero de 2018, podr\u00e1n compensarlos hasta su concurrencia con la suma total de la asignaci\u00f3n establecida en el art\u00edculo 1\u00ba del presente \u201d. \u2013sic- (art. 4, 3\u00ba p\u00e1rr.).<br \/>\n  Se pact\u00f3 tambi\u00e9n por el art. 6\u00ba del acuerdo paritario que: El presente acuerdo salarial ser\u00e1 objeto (\u2026) de un tratamiento diferenciado para aquellas empresas, que en virtud de la situaci\u00f3n por la cual atraviesan, inicien procedimientos de crisis antes del 1 de abril de 2019 o se encuentren ya incursas en el mismo, se les dar\u00e1 un tratamiento especial \u2013en el marco del procedimiento \u2013 concertando el mismo con la organizaci\u00f3n gremial que intervenga.<br \/>\n  En esta forma podr\u00e1 negociarse en cualquier sentido \u2013pero siempre en el marco del procedimiento de crisis- no solo el incremento salarial del 20% sino tambi\u00e9n la asignaci\u00f3n no remunerativa del decreto N\u00ba 1043\/2018.<br \/>\n  Las partes asumen el compromiso de conformar una comisi\u00f3n especial para tratar los temas relacionados de la provincia de Tierra del Fuego.<br \/>\n  Las partes solicitan la homologaci\u00f3n y en el caso de que se produzcan vencimientos de plazos pactados para el pago de los incrementos se abonaran las sumas devengadas con la menci\u00f3n de \u201cpago anticipo a cuenta del Acuerdo Colectivo Noviembre 2018\u201d.<\/p>\n","protected":false},"excerpt":{"rendered":"<p>La C\u00e1mara Argentina de Comercio y Servicios (CAC) firmo con fecha 27\/11\/2018, con la Federaci\u00f3n Argentina de Empleados de Comercio y Servicios (FAECYS), un incremento salarial del 20%. Se estableci\u00f3 que dicho incremento deber\u00e1 calcularse, sobre las escalas vigentes de las remuneraciones b\u00e1sicas del CCT N\u00ba 130\/75, en los valores expresados para el mes de [&hellip;]<\/p>\n","protected":false},"author":4,"featured_media":16918,"comment_status":"open","ping_status":"closed","sticky":false,"template":"","format":"standard","meta":{"om_disable_all_campaigns":false,"_jetpack_memberships_contains_paid_content":false,"footnotes":""},"categories":[101,2],"tags":[],"class_list":["post-44387","post","type-post","status-publish","format-standard","has-post-thumbnail","hentry","category-interes-general-locales","category-locales"],"aioseo_notices":[],"gutentor_comment":0,"jetpack_featured_media_url":"https:\/\/eldiariodesanpedro.com.ar\/sitio\/wp-content\/uploads\/2017\/04\/sindicato-empleados-comercio.jpg","jetpack_shortlink":"https:\/\/wp.me\/p6RhLt-bxV","jetpack_sharing_enabled":true,"_links":{"self":[{"href":"https:\/\/eldiariodesanpedro.com.ar\/sitio\/wp-json\/wp\/v2\/posts\/44387","targetHints":{"allow":["GET"]}}],"collection":[{"href":"https:\/\/eldiariodesanpedro.com.ar\/sitio\/wp-json\/wp\/v2\/posts"}],"about":[{"href":"https:\/\/eldiariodesanpedro.com.ar\/sitio\/wp-json\/wp\/v2\/types\/post"}],"author":[{"embeddable":true,"href":"https:\/\/eldiariodesanpedro.com.ar\/sitio\/wp-json\/wp\/v2\/users\/4"}],"replies":[{"embeddable":true,"href":"https:\/\/eldiariodesanpedro.com.ar\/sitio\/wp-json\/wp\/v2\/comments?post=44387"}],"version-history":[{"count":1,"href":"https:\/\/eldiariodesanpedro.com.ar\/sitio\/wp-json\/wp\/v2\/posts\/44387\/revisions"}],"predecessor-version":[{"id":44391,"href":"https:\/\/eldiariodesanpedro.com.ar\/sitio\/wp-json\/wp\/v2\/posts\/44387\/revisions\/44391"}],"wp:featuredmedia":[{"embeddable":true,"href":"https:\/\/eldiariodesanpedro.com.ar\/sitio\/wp-json\/wp\/v2\/media\/16918"}],"wp:attachment":[{"href":"https:\/\/eldiariodesanpedro.com.ar\/sitio\/wp-json\/wp\/v2\/media?parent=44387"}],"wp:term":[{"taxonomy":"category","embeddable":true,"href":"https:\/\/eldiariodesanpedro.com.ar\/sitio\/wp-json\/wp\/v2\/categories?post=44387"},{"taxonomy":"post_tag","embeddable":true,"href":"https:\/\/eldiariodesanpedro.com.ar\/sitio\/wp-json\/wp\/v2\/tags?post=44387"}],"curies":[{"name":"wp","href":"https:\/\/api.w.org\/{rel}","templated":true}]}}