{"id":44383,"date":"2018-11-28T21:13:26","date_gmt":"2018-11-29T00:13:26","guid":{"rendered":"https:\/\/eldiariodesanpedro.com.ar\/sitio\/?p=44383"},"modified":"2018-11-28T21:13:26","modified_gmt":"2018-11-29T00:13:26","slug":"se-realizo-un-torneo-de-esgrima-por-equipos","status":"publish","type":"post","link":"https:\/\/eldiariodesanpedro.com.ar\/sitio\/se-realizo-un-torneo-de-esgrima-por-equipos\/","title":{"rendered":"Se realiz\u00f3 un torneo de esgrima por equipos"},"content":{"rendered":"<p><!-- VideographyWP Plugin Message: Automatic video embedding prevented by plugin options. --><br \/>\n  El pasado 24 de noviembre la Sociedad Italiana realiz\u00f3 el \u00abTorneo por equipos de esgrima\u00bb. Adem\u00e1s de los tiradores dirigidos por Alejandra Carbone, hubo esgrimistas de Gimnasia y Esgrima de Buenos Aires y del Washington School. <\/p>\n<p>  En la modalidad florete para menores 1, se impuso el equipo compuesto por Francesca Zeller, Bautista Galeota y Tob\u00edas Mart\u00edn seguido del de M\u00e1ximo Garrote, Sim\u00f3n Mart\u00edn y Le\u00f3n Domeniconi. El tercer puesto fue para Tiziano Coggiola, Elio G\u00f3mez y Aureliano Rod\u00e1n.   <\/p>\n<p>  Adem\u00e1s, en florete para menores 2, triunfaron Mariano Ducau, Sophie Hertmann y Fabrice Gor\u00edn ante Ulises Ruiz M\u00e9ndez, Marcos Gonz\u00e1lez y Joaqu\u00edn Ducau. El podio lo completaron Ciro Olivieri, Gonzalo Etchenique y Tom\u00e1s Duarte.<br \/>\n  Por \u00faltimo, en espada el triunfo fue para el conjunto de Tom\u00e1s Janulevicius, Ayl\u00e9n Barcel\u00f3 y Daniel Corval\u00e1n ante Nicol\u00e1s Lina y Fernando Cascardo. Franco Bornia y Daniel Agazzi quedaron terceros.<\/p>\n<p>  Con esta actividad se dio por terminado el a\u00f1o 2018. En marzo de 2019 se retomar\u00e1n las pr\u00e1cticas.<\/p>\n","protected":false},"excerpt":{"rendered":"<p>El pasado 24 de noviembre la Sociedad Italiana realiz\u00f3 el \u00abTorneo por equipos de esgrima\u00bb. Adem\u00e1s de los tiradores dirigidos por Alejandra Carbone, hubo esgrimistas de Gimnasia y Esgrima de Buenos Aires y del Washington School. En la modalidad florete para menores 1, se impuso el equipo compuesto por Francesca Zeller, Bautista Galeota y Tob\u00edas [&hellip;]<\/p>\n","protected":false},"author":4,"featured_media":44386,"comment_status":"open","ping_status":"closed","sticky":false,"template":"","format":"standard","meta":{"om_disable_all_campaigns":false,"_jetpack_memberships_contains_paid_content":false,"footnotes":""},"categories":[101,2],"tags":[],"class_list":["post-44383","post","type-post","status-publish","format-standard","has-post-thumbnail","hentry","category-interes-general-locales","category-locales"],"aioseo_notices":[],"gutentor_comment":0,"jetpack_featured_media_url":"https:\/\/eldiariodesanpedro.com.ar\/sitio\/wp-content\/uploads\/2018\/11\/Torneo-de-Esgrima-en-la-Sociedad-Italiana.jpg","jetpack_shortlink":"https:\/\/wp.me\/p6RhLt-bxR","jetpack_sharing_enabled":true,"_links":{"self":[{"href":"https:\/\/eldiariodesanpedro.com.ar\/sitio\/wp-json\/wp\/v2\/posts\/44383","targetHints":{"allow":["GET"]}}],"collection":[{"href":"https:\/\/eldiariodesanpedro.com.ar\/sitio\/wp-json\/wp\/v2\/posts"}],"about":[{"href":"https:\/\/eldiariodesanpedro.com.ar\/sitio\/wp-json\/wp\/v2\/types\/post"}],"author":[{"embeddable":true,"href":"https:\/\/eldiariodesanpedro.com.ar\/sitio\/wp-json\/wp\/v2\/users\/4"}],"replies":[{"embeddable":true,"href":"https:\/\/eldiariodesanpedro.com.ar\/sitio\/wp-json\/wp\/v2\/comments?post=44383"}],"version-history":[{"count":1,"href":"https:\/\/eldiariodesanpedro.com.ar\/sitio\/wp-json\/wp\/v2\/posts\/44383\/revisions"}],"predecessor-version":[{"id":44389,"href":"https:\/\/eldiariodesanpedro.com.ar\/sitio\/wp-json\/wp\/v2\/posts\/44383\/revisions\/44389"}],"wp:featuredmedia":[{"embeddable":true,"href":"https:\/\/eldiariodesanpedro.com.ar\/sitio\/wp-json\/wp\/v2\/media\/44386"}],"wp:attachment":[{"href":"https:\/\/eldiariodesanpedro.com.ar\/sitio\/wp-json\/wp\/v2\/media?parent=44383"}],"wp:term":[{"taxonomy":"category","embeddable":true,"href":"https:\/\/eldiariodesanpedro.com.ar\/sitio\/wp-json\/wp\/v2\/categories?post=44383"},{"taxonomy":"post_tag","embeddable":true,"href":"https:\/\/eldiariodesanpedro.com.ar\/sitio\/wp-json\/wp\/v2\/tags?post=44383"}],"curies":[{"name":"wp","href":"https:\/\/api.w.org\/{rel}","templated":true}]}}