{"id":44380,"date":"2018-11-28T21:06:54","date_gmt":"2018-11-29T00:06:54","guid":{"rendered":"https:\/\/eldiariodesanpedro.com.ar\/sitio\/?p=44380"},"modified":"2018-11-28T21:06:54","modified_gmt":"2018-11-29T00:06:54","slug":"caso-lillo-elevaron-a-juicio-la-causa-contra-branto-ayala","status":"publish","type":"post","link":"https:\/\/eldiariodesanpedro.com.ar\/sitio\/caso-lillo-elevaron-a-juicio-la-causa-contra-branto-ayala\/","title":{"rendered":"Caso Lillo: Elevaron a juicio la causa contra Branto Ayala"},"content":{"rendered":"<p><!-- VideographyWP Plugin Message: Automatic video embedding prevented by plugin options. --><br \/>\nEn la ma\u00f1ana del mi\u00e9rcoles el Fiscal Marcelo Manso envi\u00f3 la documentaci\u00f3n correspondiente para que se fije fecha para el debate con el acusado de matar al polic\u00eda. <\/p>\n<p>  Carlos \u00abel Zurdo\u00bb Branto Ayala, qued\u00f3 a un paso del juicio luego de que el Fiscal Marcelo Manso eleve el caso al Tribunal solicitando se lo analice y se fije la fecha del juicio.<br \/>\n  La solicitud se hizo efectiva en la ma\u00f1ana del mi\u00e9rcoles cuando el letrado cerr\u00f3 una parte de la instrucci\u00f3n y buscar\u00e1 condenar al imputado oriundo de Baradero.<br \/>\n  La causa fue desdoblada porque se acortaba el plazo de presentaci\u00f3n y Branto Ayala, por ahora, es el \u00fanico sospechoso de haber disparado y asesinado al polic\u00eda Nelson Lillo el 25 de enero de 2018.<br \/>\n  Hace dos semanas el acusado estuvo en la Fiscal\u00eda donde pidi\u00f3 declarar y asegur\u00f3 ser inocente, pero todo eso deber\u00e1 resolverse en el debate del juicio.<br \/>\n  No obstante, el Fiscal Manso investiga la otra parte de la causa donde buscar\u00e1 establecer c\u00f3mo fueron las horas posteriores al hecho y quienes colaboraron para que Branto pueda salir de la escena del crimen y permanecer pr\u00f3fugo durante dos d\u00edas.  <\/p>\n<p>Fuente: San Pedro Informa<\/p>\n","protected":false},"excerpt":{"rendered":"<p>En la ma\u00f1ana del mi\u00e9rcoles el Fiscal Marcelo Manso envi\u00f3 la documentaci\u00f3n correspondiente para que se fije fecha para el debate con el acusado de matar al polic\u00eda. Carlos \u00abel Zurdo\u00bb Branto Ayala, qued\u00f3 a un paso del juicio luego de que el Fiscal Marcelo Manso eleve el caso al Tribunal solicitando se lo analice [&hellip;]<\/p>\n","protected":false},"author":4,"featured_media":44384,"comment_status":"open","ping_status":"closed","sticky":false,"template":"","format":"standard","meta":{"om_disable_all_campaigns":false,"_jetpack_memberships_contains_paid_content":false,"footnotes":""},"categories":[2,103],"tags":[],"class_list":["post-44380","post","type-post","status-publish","format-standard","has-post-thumbnail","hentry","category-locales","category-policiales-locales"],"aioseo_notices":[],"gutentor_comment":0,"jetpack_featured_media_url":"https:\/\/eldiariodesanpedro.com.ar\/sitio\/wp-content\/uploads\/2018\/11\/caso-lillo.jpg","jetpack_shortlink":"https:\/\/wp.me\/p6RhLt-bxO","jetpack_sharing_enabled":true,"_links":{"self":[{"href":"https:\/\/eldiariodesanpedro.com.ar\/sitio\/wp-json\/wp\/v2\/posts\/44380","targetHints":{"allow":["GET"]}}],"collection":[{"href":"https:\/\/eldiariodesanpedro.com.ar\/sitio\/wp-json\/wp\/v2\/posts"}],"about":[{"href":"https:\/\/eldiariodesanpedro.com.ar\/sitio\/wp-json\/wp\/v2\/types\/post"}],"author":[{"embeddable":true,"href":"https:\/\/eldiariodesanpedro.com.ar\/sitio\/wp-json\/wp\/v2\/users\/4"}],"replies":[{"embeddable":true,"href":"https:\/\/eldiariodesanpedro.com.ar\/sitio\/wp-json\/wp\/v2\/comments?post=44380"}],"version-history":[{"count":1,"href":"https:\/\/eldiariodesanpedro.com.ar\/sitio\/wp-json\/wp\/v2\/posts\/44380\/revisions"}],"predecessor-version":[{"id":44385,"href":"https:\/\/eldiariodesanpedro.com.ar\/sitio\/wp-json\/wp\/v2\/posts\/44380\/revisions\/44385"}],"wp:featuredmedia":[{"embeddable":true,"href":"https:\/\/eldiariodesanpedro.com.ar\/sitio\/wp-json\/wp\/v2\/media\/44384"}],"wp:attachment":[{"href":"https:\/\/eldiariodesanpedro.com.ar\/sitio\/wp-json\/wp\/v2\/media?parent=44380"}],"wp:term":[{"taxonomy":"category","embeddable":true,"href":"https:\/\/eldiariodesanpedro.com.ar\/sitio\/wp-json\/wp\/v2\/categories?post=44380"},{"taxonomy":"post_tag","embeddable":true,"href":"https:\/\/eldiariodesanpedro.com.ar\/sitio\/wp-json\/wp\/v2\/tags?post=44380"}],"curies":[{"name":"wp","href":"https:\/\/api.w.org\/{rel}","templated":true}]}}