{"id":44376,"date":"2018-11-28T20:58:59","date_gmt":"2018-11-28T23:58:59","guid":{"rendered":"https:\/\/eldiariodesanpedro.com.ar\/sitio\/?p=44376"},"modified":"2018-11-28T20:58:59","modified_gmt":"2018-11-28T23:58:59","slug":"una-aprehendido-con-paradero-activo","status":"publish","type":"post","link":"https:\/\/eldiariodesanpedro.com.ar\/sitio\/una-aprehendido-con-paradero-activo\/","title":{"rendered":"Una aprehendido con paradero activo"},"content":{"rendered":"<p><!-- VideographyWP Plugin Message: Automatic video embedding prevented by plugin options. --><br \/>\n  Este mi\u00e9rcoles cerca de las 04:30 hs en el marco de un operativo de interceptaci\u00f3n de motochorros, efectivos de la polic\u00eda de nuestra ciudad procedieron a la aprehensi\u00f3n de un joven de 22 a\u00f1os en calle Almafuerte 2100 a quien, al ser identificado, se constat\u00f3 que pose\u00eda un Pedido de paradero activo a requerimiento UFI N\u00ba 2 de San Nicol\u00e1s, desde el 30 de septiembre de 2016 por un robo.<br \/>\n  El magistrado interviniente dispuso su comparendo y su posterior libertad.<\/p>\n","protected":false},"excerpt":{"rendered":"<p>Este mi\u00e9rcoles cerca de las 04:30 hs en el marco de un operativo de interceptaci\u00f3n de motochorros, efectivos de la polic\u00eda de nuestra ciudad procedieron a la aprehensi\u00f3n de un joven de 22 a\u00f1os en calle Almafuerte 2100 a quien, al ser identificado, se constat\u00f3 que pose\u00eda un Pedido de paradero activo a requerimiento UFI [&hellip;]<\/p>\n","protected":false},"author":4,"featured_media":31829,"comment_status":"open","ping_status":"closed","sticky":false,"template":"","format":"standard","meta":{"om_disable_all_campaigns":false,"_jetpack_memberships_contains_paid_content":false,"footnotes":""},"categories":[2,103],"tags":[],"class_list":["post-44376","post","type-post","status-publish","format-standard","has-post-thumbnail","hentry","category-locales","category-policiales-locales"],"aioseo_notices":[],"gutentor_comment":0,"jetpack_featured_media_url":"https:\/\/eldiariodesanpedro.com.ar\/sitio\/wp-content\/uploads\/2018\/04\/detenido_658x400_0.jpg","jetpack_shortlink":"https:\/\/wp.me\/p6RhLt-bxK","jetpack_sharing_enabled":true,"_links":{"self":[{"href":"https:\/\/eldiariodesanpedro.com.ar\/sitio\/wp-json\/wp\/v2\/posts\/44376","targetHints":{"allow":["GET"]}}],"collection":[{"href":"https:\/\/eldiariodesanpedro.com.ar\/sitio\/wp-json\/wp\/v2\/posts"}],"about":[{"href":"https:\/\/eldiariodesanpedro.com.ar\/sitio\/wp-json\/wp\/v2\/types\/post"}],"author":[{"embeddable":true,"href":"https:\/\/eldiariodesanpedro.com.ar\/sitio\/wp-json\/wp\/v2\/users\/4"}],"replies":[{"embeddable":true,"href":"https:\/\/eldiariodesanpedro.com.ar\/sitio\/wp-json\/wp\/v2\/comments?post=44376"}],"version-history":[{"count":1,"href":"https:\/\/eldiariodesanpedro.com.ar\/sitio\/wp-json\/wp\/v2\/posts\/44376\/revisions"}],"predecessor-version":[{"id":44378,"href":"https:\/\/eldiariodesanpedro.com.ar\/sitio\/wp-json\/wp\/v2\/posts\/44376\/revisions\/44378"}],"wp:featuredmedia":[{"embeddable":true,"href":"https:\/\/eldiariodesanpedro.com.ar\/sitio\/wp-json\/wp\/v2\/media\/31829"}],"wp:attachment":[{"href":"https:\/\/eldiariodesanpedro.com.ar\/sitio\/wp-json\/wp\/v2\/media?parent=44376"}],"wp:term":[{"taxonomy":"category","embeddable":true,"href":"https:\/\/eldiariodesanpedro.com.ar\/sitio\/wp-json\/wp\/v2\/categories?post=44376"},{"taxonomy":"post_tag","embeddable":true,"href":"https:\/\/eldiariodesanpedro.com.ar\/sitio\/wp-json\/wp\/v2\/tags?post=44376"}],"curies":[{"name":"wp","href":"https:\/\/api.w.org\/{rel}","templated":true}]}}