{"id":44373,"date":"2018-11-28T20:58:53","date_gmt":"2018-11-28T23:58:53","guid":{"rendered":"https:\/\/eldiariodesanpedro.com.ar\/sitio\/?p=44373"},"modified":"2018-11-28T20:58:53","modified_gmt":"2018-11-28T23:58:53","slug":"ciclista-colisionada-en-accidente","status":"publish","type":"post","link":"https:\/\/eldiariodesanpedro.com.ar\/sitio\/ciclista-colisionada-en-accidente\/","title":{"rendered":"Ciclista colisionada en accidente"},"content":{"rendered":"<p><!-- VideographyWP Plugin Message: Automatic video embedding prevented by plugin options. --><br \/>\nEste martes en horas del mediod\u00eda, se produjo un accidente de tr\u00e1nsito en la intersecci\u00f3n de las calles Col\u00f3n y Litoral, donde por causas que deben ser establecidas una bicicleta conducida por una mujer de 45 a\u00f1os fue impactada por un autom\u00f3vil Chevrolet Vectra conducido por hombre 80 a\u00f1os.<br \/>\n  La mujer fue trasladada por la ambulancia a nosocomio local donde se determin\u00f3 que hab\u00eda sufrido politraumatismos.<\/p>\n","protected":false},"excerpt":{"rendered":"<p>Este martes en horas del mediod\u00eda, se produjo un accidente de tr\u00e1nsito en la intersecci\u00f3n de las calles Col\u00f3n y Litoral, donde por causas que deben ser establecidas una bicicleta conducida por una mujer de 45 a\u00f1os fue impactada por un autom\u00f3vil Chevrolet Vectra conducido por hombre 80 a\u00f1os. La mujer fue trasladada por la [&hellip;]<\/p>\n","protected":false},"author":4,"featured_media":9457,"comment_status":"open","ping_status":"closed","sticky":false,"template":"","format":"standard","meta":{"om_disable_all_campaigns":false,"_jetpack_memberships_contains_paid_content":false,"footnotes":""},"categories":[2,103],"tags":[],"class_list":["post-44373","post","type-post","status-publish","format-standard","has-post-thumbnail","hentry","category-locales","category-policiales-locales"],"aioseo_notices":[],"gutentor_comment":0,"jetpack_featured_media_url":"https:\/\/eldiariodesanpedro.com.ar\/sitio\/wp-content\/uploads\/2016\/10\/HOSPITAL-subzonal-san-pedro.jpg","jetpack_shortlink":"https:\/\/wp.me\/p6RhLt-bxH","jetpack_sharing_enabled":true,"_links":{"self":[{"href":"https:\/\/eldiariodesanpedro.com.ar\/sitio\/wp-json\/wp\/v2\/posts\/44373","targetHints":{"allow":["GET"]}}],"collection":[{"href":"https:\/\/eldiariodesanpedro.com.ar\/sitio\/wp-json\/wp\/v2\/posts"}],"about":[{"href":"https:\/\/eldiariodesanpedro.com.ar\/sitio\/wp-json\/wp\/v2\/types\/post"}],"author":[{"embeddable":true,"href":"https:\/\/eldiariodesanpedro.com.ar\/sitio\/wp-json\/wp\/v2\/users\/4"}],"replies":[{"embeddable":true,"href":"https:\/\/eldiariodesanpedro.com.ar\/sitio\/wp-json\/wp\/v2\/comments?post=44373"}],"version-history":[{"count":1,"href":"https:\/\/eldiariodesanpedro.com.ar\/sitio\/wp-json\/wp\/v2\/posts\/44373\/revisions"}],"predecessor-version":[{"id":44377,"href":"https:\/\/eldiariodesanpedro.com.ar\/sitio\/wp-json\/wp\/v2\/posts\/44373\/revisions\/44377"}],"wp:featuredmedia":[{"embeddable":true,"href":"https:\/\/eldiariodesanpedro.com.ar\/sitio\/wp-json\/wp\/v2\/media\/9457"}],"wp:attachment":[{"href":"https:\/\/eldiariodesanpedro.com.ar\/sitio\/wp-json\/wp\/v2\/media?parent=44373"}],"wp:term":[{"taxonomy":"category","embeddable":true,"href":"https:\/\/eldiariodesanpedro.com.ar\/sitio\/wp-json\/wp\/v2\/categories?post=44373"},{"taxonomy":"post_tag","embeddable":true,"href":"https:\/\/eldiariodesanpedro.com.ar\/sitio\/wp-json\/wp\/v2\/tags?post=44373"}],"curies":[{"name":"wp","href":"https:\/\/api.w.org\/{rel}","templated":true}]}}