{"id":44370,"date":"2018-11-28T20:54:52","date_gmt":"2018-11-28T23:54:52","guid":{"rendered":"https:\/\/eldiariodesanpedro.com.ar\/sitio\/?p=44370"},"modified":"2018-11-28T20:54:52","modified_gmt":"2018-11-28T23:54:52","slug":"san-nicolas-golpeo-con-una-maza-a-su-novio","status":"publish","type":"post","link":"https:\/\/eldiariodesanpedro.com.ar\/sitio\/san-nicolas-golpeo-con-una-maza-a-su-novio\/","title":{"rendered":"SAN NICOL\u00c1S: Golpe\u00f3 con una maza a su novio"},"content":{"rendered":"<p><!-- VideographyWP Plugin Message: Automatic video embedding prevented by plugin options. --><br \/>\nLa joven golpe\u00f3 con un martillo tipo maza a su novio, un hombre de 20 a\u00f1os, ocasion\u00e1ndole lesiones de car\u00e1cter leves.<\/p>\n<p>  Personal policial del Comando Patrulla aprehendi\u00f3 a una mujer de 24 a\u00f1os luego de que agrediera f\u00edsicamente a su pareja. El hecho ocurri\u00f3 en calle Olleros al 400 aproximadamente alrededor de las 16:00 hs.<br \/>\n  La joven golpe\u00f3 con un martillo tipo maza a su novio, un hombre de 20 a\u00f1os, ocasion\u00e1ndole lesiones de car\u00e1cter leves.<br \/>\n  La v\u00edctima inst\u00f3 a la acci\u00f3n penal y solicit\u00f3 per\u00edmetro de exclusi\u00f3n. Intervino la UFI N\u00ba 6.<\/p>\n<p>Fuente: Diario El Informante<\/p>\n","protected":false},"excerpt":{"rendered":"<p>La joven golpe\u00f3 con un martillo tipo maza a su novio, un hombre de 20 a\u00f1os, ocasion\u00e1ndole lesiones de car\u00e1cter leves. Personal policial del Comando Patrulla aprehendi\u00f3 a una mujer de 24 a\u00f1os luego de que agrediera f\u00edsicamente a su pareja. El hecho ocurri\u00f3 en calle Olleros al 400 aproximadamente alrededor de las 16:00 hs. [&hellip;]<\/p>\n","protected":false},"author":4,"featured_media":44372,"comment_status":"open","ping_status":"closed","sticky":false,"template":"","format":"standard","meta":{"om_disable_all_campaigns":false,"_jetpack_memberships_contains_paid_content":false,"footnotes":""},"categories":[621],"tags":[],"class_list":["post-44370","post","type-post","status-publish","format-standard","has-post-thumbnail","hentry","category-regionales"],"aioseo_notices":[],"gutentor_comment":0,"jetpack_featured_media_url":"https:\/\/eldiariodesanpedro.com.ar\/sitio\/wp-content\/uploads\/2018\/11\/PAGINA-7-10.jpg","jetpack_shortlink":"https:\/\/wp.me\/p6RhLt-bxE","jetpack_sharing_enabled":true,"_links":{"self":[{"href":"https:\/\/eldiariodesanpedro.com.ar\/sitio\/wp-json\/wp\/v2\/posts\/44370","targetHints":{"allow":["GET"]}}],"collection":[{"href":"https:\/\/eldiariodesanpedro.com.ar\/sitio\/wp-json\/wp\/v2\/posts"}],"about":[{"href":"https:\/\/eldiariodesanpedro.com.ar\/sitio\/wp-json\/wp\/v2\/types\/post"}],"author":[{"embeddable":true,"href":"https:\/\/eldiariodesanpedro.com.ar\/sitio\/wp-json\/wp\/v2\/users\/4"}],"replies":[{"embeddable":true,"href":"https:\/\/eldiariodesanpedro.com.ar\/sitio\/wp-json\/wp\/v2\/comments?post=44370"}],"version-history":[{"count":1,"href":"https:\/\/eldiariodesanpedro.com.ar\/sitio\/wp-json\/wp\/v2\/posts\/44370\/revisions"}],"predecessor-version":[{"id":44374,"href":"https:\/\/eldiariodesanpedro.com.ar\/sitio\/wp-json\/wp\/v2\/posts\/44370\/revisions\/44374"}],"wp:featuredmedia":[{"embeddable":true,"href":"https:\/\/eldiariodesanpedro.com.ar\/sitio\/wp-json\/wp\/v2\/media\/44372"}],"wp:attachment":[{"href":"https:\/\/eldiariodesanpedro.com.ar\/sitio\/wp-json\/wp\/v2\/media?parent=44370"}],"wp:term":[{"taxonomy":"category","embeddable":true,"href":"https:\/\/eldiariodesanpedro.com.ar\/sitio\/wp-json\/wp\/v2\/categories?post=44370"},{"taxonomy":"post_tag","embeddable":true,"href":"https:\/\/eldiariodesanpedro.com.ar\/sitio\/wp-json\/wp\/v2\/tags?post=44370"}],"curies":[{"name":"wp","href":"https:\/\/api.w.org\/{rel}","templated":true}]}}