{"id":44367,"date":"2018-11-28T20:52:41","date_gmt":"2018-11-28T23:52:41","guid":{"rendered":"https:\/\/eldiariodesanpedro.com.ar\/sitio\/?p=44367"},"modified":"2018-11-28T20:52:41","modified_gmt":"2018-11-28T23:52:41","slug":"capitan-sarmiento-detenidos-con-gran-cantidad-de-drogas-en-ruta-8","status":"publish","type":"post","link":"https:\/\/eldiariodesanpedro.com.ar\/sitio\/capitan-sarmiento-detenidos-con-gran-cantidad-de-drogas-en-ruta-8\/","title":{"rendered":"CAPIT\u00c1N SARMIENTO: Detenidos con gran cantidad de drogas en Ruta 8"},"content":{"rendered":"<p><!-- VideographyWP Plugin Message: Automatic video embedding prevented by plugin options. --><br \/>\nUn ciudadano de nacionalidad peruana fue detenido en un importante procedimiento realizado en la tarde de este martes en Ruta 8, en jurisdicci\u00f3n de Capit\u00e1n Sarmiento, a unos mil metros del ingreso a la vecina ciudad.<\/p>\n<p>  En el operativo se secuestr\u00f3 una importante cantidad de estupefacientes que eran transportados en un auto y se detuvo a dos personas, una de ellas de nacionalidad peruana.<br \/>\n  En el Chevrolet Corsa interceptado se encontraron panes de marihuana, coca\u00edna fraccionada lista para su comercializaci\u00f3n, una balanza de precisi\u00f3n, dinero en efectivo y tel\u00e9fonos celulares.<\/p>\n<p>Fuente: Sarmiento Diario<\/p>\n","protected":false},"excerpt":{"rendered":"<p>Un ciudadano de nacionalidad peruana fue detenido en un importante procedimiento realizado en la tarde de este martes en Ruta 8, en jurisdicci\u00f3n de Capit\u00e1n Sarmiento, a unos mil metros del ingreso a la vecina ciudad. En el operativo se secuestr\u00f3 una importante cantidad de estupefacientes que eran transportados en un auto y se detuvo [&hellip;]<\/p>\n","protected":false},"author":4,"featured_media":44368,"comment_status":"open","ping_status":"closed","sticky":false,"template":"","format":"standard","meta":{"om_disable_all_campaigns":false,"_jetpack_memberships_contains_paid_content":false,"footnotes":""},"categories":[621],"tags":[],"class_list":["post-44367","post","type-post","status-publish","format-standard","has-post-thumbnail","hentry","category-regionales"],"aioseo_notices":[],"gutentor_comment":0,"jetpack_featured_media_url":"https:\/\/eldiariodesanpedro.com.ar\/sitio\/wp-content\/uploads\/2018\/11\/PAGINA-6-13.jpg","jetpack_shortlink":"https:\/\/wp.me\/p6RhLt-bxB","jetpack_sharing_enabled":true,"_links":{"self":[{"href":"https:\/\/eldiariodesanpedro.com.ar\/sitio\/wp-json\/wp\/v2\/posts\/44367","targetHints":{"allow":["GET"]}}],"collection":[{"href":"https:\/\/eldiariodesanpedro.com.ar\/sitio\/wp-json\/wp\/v2\/posts"}],"about":[{"href":"https:\/\/eldiariodesanpedro.com.ar\/sitio\/wp-json\/wp\/v2\/types\/post"}],"author":[{"embeddable":true,"href":"https:\/\/eldiariodesanpedro.com.ar\/sitio\/wp-json\/wp\/v2\/users\/4"}],"replies":[{"embeddable":true,"href":"https:\/\/eldiariodesanpedro.com.ar\/sitio\/wp-json\/wp\/v2\/comments?post=44367"}],"version-history":[{"count":1,"href":"https:\/\/eldiariodesanpedro.com.ar\/sitio\/wp-json\/wp\/v2\/posts\/44367\/revisions"}],"predecessor-version":[{"id":44371,"href":"https:\/\/eldiariodesanpedro.com.ar\/sitio\/wp-json\/wp\/v2\/posts\/44367\/revisions\/44371"}],"wp:featuredmedia":[{"embeddable":true,"href":"https:\/\/eldiariodesanpedro.com.ar\/sitio\/wp-json\/wp\/v2\/media\/44368"}],"wp:attachment":[{"href":"https:\/\/eldiariodesanpedro.com.ar\/sitio\/wp-json\/wp\/v2\/media?parent=44367"}],"wp:term":[{"taxonomy":"category","embeddable":true,"href":"https:\/\/eldiariodesanpedro.com.ar\/sitio\/wp-json\/wp\/v2\/categories?post=44367"},{"taxonomy":"post_tag","embeddable":true,"href":"https:\/\/eldiariodesanpedro.com.ar\/sitio\/wp-json\/wp\/v2\/tags?post=44367"}],"curies":[{"name":"wp","href":"https:\/\/api.w.org\/{rel}","templated":true}]}}