{"id":44363,"date":"2018-11-28T20:51:20","date_gmt":"2018-11-28T23:51:20","guid":{"rendered":"https:\/\/eldiariodesanpedro.com.ar\/sitio\/?p=44363"},"modified":"2018-11-28T20:51:20","modified_gmt":"2018-11-28T23:51:20","slug":"ramallo-confirmaron-la-cadena-perpetua-para-el-matrimonio-ovejero-zamora","status":"publish","type":"post","link":"https:\/\/eldiariodesanpedro.com.ar\/sitio\/ramallo-confirmaron-la-cadena-perpetua-para-el-matrimonio-ovejero-zamora\/","title":{"rendered":"RAMALLO: Confirmaron la cadena perpetua para el matrimonio Ovejero-Zamora"},"content":{"rendered":"<p><!-- VideographyWP Plugin Message: Automatic video embedding prevented by plugin options. --><br \/>\nEl Juez confirm\u00f3 la sentencia de cadena perpetua que equivale a entre 25 y 35 a\u00f1os de c\u00e1rcel para el matrimonio.<\/p>\n<p>  Este martes el Juez Dr. Cristian Ramos dio a conocer la sentencia que le cabe al matrimonio de Mariel Zamora y Ram\u00f3n Ovejero quienes se sometieron a un juicio por jurado y fueron encontrados culpables de homicidio calificado y agravado por el v\u00ednculo.<br \/>\n  En horas del mediod\u00eda termin\u00f3 la audiencia donde el Juez confirm\u00f3 la sentencia de cadena perpetua que equivale a entre 25 y 35 a\u00f1os de c\u00e1rcel para el matrimonio responsable del homicidio de Silvia Garc\u00eda.<\/p>\n<p>Fuente: Diario El Norte<\/p>\n","protected":false},"excerpt":{"rendered":"<p>El Juez confirm\u00f3 la sentencia de cadena perpetua que equivale a entre 25 y 35 a\u00f1os de c\u00e1rcel para el matrimonio. Este martes el Juez Dr. Cristian Ramos dio a conocer la sentencia que le cabe al matrimonio de Mariel Zamora y Ram\u00f3n Ovejero quienes se sometieron a un juicio por jurado y fueron encontrados [&hellip;]<\/p>\n","protected":false},"author":4,"featured_media":44366,"comment_status":"open","ping_status":"closed","sticky":false,"template":"","format":"standard","meta":{"om_disable_all_campaigns":false,"_jetpack_memberships_contains_paid_content":false,"footnotes":""},"categories":[621],"tags":[],"class_list":["post-44363","post","type-post","status-publish","format-standard","has-post-thumbnail","hentry","category-regionales"],"aioseo_notices":[],"gutentor_comment":0,"jetpack_featured_media_url":"https:\/\/eldiariodesanpedro.com.ar\/sitio\/wp-content\/uploads\/2018\/11\/Confirmaron-la-cadena-perpetua-para-el-matrimonio-Ovejero-Zamora.jpg","jetpack_shortlink":"https:\/\/wp.me\/p6RhLt-bxx","jetpack_sharing_enabled":true,"_links":{"self":[{"href":"https:\/\/eldiariodesanpedro.com.ar\/sitio\/wp-json\/wp\/v2\/posts\/44363","targetHints":{"allow":["GET"]}}],"collection":[{"href":"https:\/\/eldiariodesanpedro.com.ar\/sitio\/wp-json\/wp\/v2\/posts"}],"about":[{"href":"https:\/\/eldiariodesanpedro.com.ar\/sitio\/wp-json\/wp\/v2\/types\/post"}],"author":[{"embeddable":true,"href":"https:\/\/eldiariodesanpedro.com.ar\/sitio\/wp-json\/wp\/v2\/users\/4"}],"replies":[{"embeddable":true,"href":"https:\/\/eldiariodesanpedro.com.ar\/sitio\/wp-json\/wp\/v2\/comments?post=44363"}],"version-history":[{"count":1,"href":"https:\/\/eldiariodesanpedro.com.ar\/sitio\/wp-json\/wp\/v2\/posts\/44363\/revisions"}],"predecessor-version":[{"id":44369,"href":"https:\/\/eldiariodesanpedro.com.ar\/sitio\/wp-json\/wp\/v2\/posts\/44363\/revisions\/44369"}],"wp:featuredmedia":[{"embeddable":true,"href":"https:\/\/eldiariodesanpedro.com.ar\/sitio\/wp-json\/wp\/v2\/media\/44366"}],"wp:attachment":[{"href":"https:\/\/eldiariodesanpedro.com.ar\/sitio\/wp-json\/wp\/v2\/media?parent=44363"}],"wp:term":[{"taxonomy":"category","embeddable":true,"href":"https:\/\/eldiariodesanpedro.com.ar\/sitio\/wp-json\/wp\/v2\/categories?post=44363"},{"taxonomy":"post_tag","embeddable":true,"href":"https:\/\/eldiariodesanpedro.com.ar\/sitio\/wp-json\/wp\/v2\/tags?post=44363"}],"curies":[{"name":"wp","href":"https:\/\/api.w.org\/{rel}","templated":true}]}}