{"id":44360,"date":"2018-11-28T20:47:39","date_gmt":"2018-11-28T23:47:39","guid":{"rendered":"https:\/\/eldiariodesanpedro.com.ar\/sitio\/?p=44360"},"modified":"2018-11-28T20:47:39","modified_gmt":"2018-11-28T23:47:39","slug":"arrecifes-grave-agresion-contra-una-mujer-en-el-ingreso-a-la-escuela-16","status":"publish","type":"post","link":"https:\/\/eldiariodesanpedro.com.ar\/sitio\/arrecifes-grave-agresion-contra-una-mujer-en-el-ingreso-a-la-escuela-16\/","title":{"rendered":"ARRECIFES: Grave agresi\u00f3n contra una mujer en el ingreso a la Escuela 16"},"content":{"rendered":"<p><!-- VideographyWP Plugin Message: Automatic video embedding prevented by plugin options. --><br \/>\nUn hecho grav\u00edsimo se produjo en el mediod\u00eda de este lunes en el ingreso a la Escuela N\u00ba 16 de Villa Sanguinetti.<\/p>\n<p>  Una mujer que estaba llevando a su hijo al colegio fue atacada por otra que primero la golpe\u00f3 y luego le produjo un corte con un vidrio en un costado de su rostro. La agredida comenz\u00f3 a sangrar y perdi\u00f3 el conocimiento, debiendo recibir atenci\u00f3n m\u00e9dica de urgencia.<br \/>\n  El vidrio le cort\u00f3 desde la oreja hasta el cuello y el cirujano que le practic\u00f3 las curaciones manifest\u00f3 que el ataque fue mortal, puesto que estuvo a mil\u00edmetros de afectarle una zona vital, como la vena yugular y la arteria car\u00f3tida. Se salv\u00f3 de milagro.<br \/>\n  La mujer agredida radic\u00f3 la denuncia correspondiente.<\/p>\n<p>Fuente: Arrecifes Noticias<\/p>\n","protected":false},"excerpt":{"rendered":"<p>Un hecho grav\u00edsimo se produjo en el mediod\u00eda de este lunes en el ingreso a la Escuela N\u00ba 16 de Villa Sanguinetti. Una mujer que estaba llevando a su hijo al colegio fue atacada por otra que primero la golpe\u00f3 y luego le produjo un corte con un vidrio en un costado de su rostro. [&hellip;]<\/p>\n","protected":false},"author":4,"featured_media":44362,"comment_status":"open","ping_status":"closed","sticky":false,"template":"","format":"standard","meta":{"om_disable_all_campaigns":false,"_jetpack_memberships_contains_paid_content":false,"footnotes":""},"categories":[621],"tags":[],"class_list":["post-44360","post","type-post","status-publish","format-standard","has-post-thumbnail","hentry","category-regionales"],"aioseo_notices":[],"gutentor_comment":0,"jetpack_featured_media_url":"https:\/\/eldiariodesanpedro.com.ar\/sitio\/wp-content\/uploads\/2018\/11\/escuela-16-villa-sanguinetti.jpg","jetpack_shortlink":"https:\/\/wp.me\/p6RhLt-bxu","jetpack_sharing_enabled":true,"_links":{"self":[{"href":"https:\/\/eldiariodesanpedro.com.ar\/sitio\/wp-json\/wp\/v2\/posts\/44360","targetHints":{"allow":["GET"]}}],"collection":[{"href":"https:\/\/eldiariodesanpedro.com.ar\/sitio\/wp-json\/wp\/v2\/posts"}],"about":[{"href":"https:\/\/eldiariodesanpedro.com.ar\/sitio\/wp-json\/wp\/v2\/types\/post"}],"author":[{"embeddable":true,"href":"https:\/\/eldiariodesanpedro.com.ar\/sitio\/wp-json\/wp\/v2\/users\/4"}],"replies":[{"embeddable":true,"href":"https:\/\/eldiariodesanpedro.com.ar\/sitio\/wp-json\/wp\/v2\/comments?post=44360"}],"version-history":[{"count":1,"href":"https:\/\/eldiariodesanpedro.com.ar\/sitio\/wp-json\/wp\/v2\/posts\/44360\/revisions"}],"predecessor-version":[{"id":44365,"href":"https:\/\/eldiariodesanpedro.com.ar\/sitio\/wp-json\/wp\/v2\/posts\/44360\/revisions\/44365"}],"wp:featuredmedia":[{"embeddable":true,"href":"https:\/\/eldiariodesanpedro.com.ar\/sitio\/wp-json\/wp\/v2\/media\/44362"}],"wp:attachment":[{"href":"https:\/\/eldiariodesanpedro.com.ar\/sitio\/wp-json\/wp\/v2\/media?parent=44360"}],"wp:term":[{"taxonomy":"category","embeddable":true,"href":"https:\/\/eldiariodesanpedro.com.ar\/sitio\/wp-json\/wp\/v2\/categories?post=44360"},{"taxonomy":"post_tag","embeddable":true,"href":"https:\/\/eldiariodesanpedro.com.ar\/sitio\/wp-json\/wp\/v2\/tags?post=44360"}],"curies":[{"name":"wp","href":"https:\/\/api.w.org\/{rel}","templated":true}]}}