{"id":44341,"date":"2018-11-28T20:09:05","date_gmt":"2018-11-28T23:09:05","guid":{"rendered":"https:\/\/eldiariodesanpedro.com.ar\/sitio\/?p=44341"},"modified":"2018-11-28T20:09:05","modified_gmt":"2018-11-28T23:09:05","slug":"baradero-encontro-el-auto-que-le-habia-desaparecido-hacia-mas-de-2-anos","status":"publish","type":"post","link":"https:\/\/eldiariodesanpedro.com.ar\/sitio\/baradero-encontro-el-auto-que-le-habia-desaparecido-hacia-mas-de-2-anos\/","title":{"rendered":"BARADERO: Encontr\u00f3 el auto que le hab\u00eda \u201cdesaparecido\u201d hac\u00eda m\u00e1s de 2 a\u00f1os"},"content":{"rendered":"<p><!-- VideographyWP Plugin Message: Automatic video embedding prevented by plugin options. --><br \/>\nSe pudo detectar que le hab\u00edan hecho una adulteraci\u00f3n en los n\u00fameros de chasis, cristales.<\/p>\n<p>Este domingo, cerca de las 18:50 horas aproximadamente, una mujer estaba en calle Almirante Brown. Precisamente en la zona del Club de Pesca. Fue cuando divis\u00f3 su auto Fiat 147 color azul. El veh\u00edculo estaba desaparecido desde hacia dos a\u00f1os cuando lo llev\u00f3 a reparar a un taller y su ex pareja lo retir\u00f3.<\/p>\n<p>La mujer dio aviso a la Polic\u00eda qui\u00e9n al llegar se entrevist\u00f3 con quien conduc\u00eda el rodado.<\/p>\n<p>Lograron determinar que \u201chab\u00eda una adulteraci\u00f3n en los n\u00fameros de chasis, cristales; ya que no coincid\u00edan ninguno de ellos\u201d.<\/p>\n<p>Desde la fiscal\u00eda local se confirm\u00f3 que \u201cla mujer hab\u00eda radicado una denuncia por ese rodado con anterioridad\u201d. Desde la UFI local se dispuso el secuestro del rodado.<\/p>\n<p>Fuente: Tu L\u00ednea Directa<\/p>\n","protected":false},"excerpt":{"rendered":"<p>Se pudo detectar que le hab\u00edan hecho una adulteraci\u00f3n en los n\u00fameros de chasis, cristales. Este domingo, cerca de las 18:50 horas aproximadamente, una mujer estaba en calle Almirante Brown. Precisamente en la zona del Club de Pesca. Fue cuando divis\u00f3 su auto Fiat 147 color azul. El veh\u00edculo estaba desaparecido desde hacia dos a\u00f1os [&hellip;]<\/p>\n","protected":false},"author":4,"featured_media":44342,"comment_status":"open","ping_status":"closed","sticky":false,"template":"","format":"standard","meta":{"om_disable_all_campaigns":false,"_jetpack_memberships_contains_paid_content":false,"footnotes":""},"categories":[621],"tags":[],"class_list":["post-44341","post","type-post","status-publish","format-standard","has-post-thumbnail","hentry","category-regionales"],"aioseo_notices":[],"gutentor_comment":0,"jetpack_featured_media_url":"https:\/\/eldiariodesanpedro.com.ar\/sitio\/wp-content\/uploads\/2018\/11\/8cf4df81-bd73-4396-aa97-5d62cd714e98-768x432_0.jpg","jetpack_shortlink":"https:\/\/wp.me\/p6RhLt-bxb","jetpack_sharing_enabled":true,"_links":{"self":[{"href":"https:\/\/eldiariodesanpedro.com.ar\/sitio\/wp-json\/wp\/v2\/posts\/44341","targetHints":{"allow":["GET"]}}],"collection":[{"href":"https:\/\/eldiariodesanpedro.com.ar\/sitio\/wp-json\/wp\/v2\/posts"}],"about":[{"href":"https:\/\/eldiariodesanpedro.com.ar\/sitio\/wp-json\/wp\/v2\/types\/post"}],"author":[{"embeddable":true,"href":"https:\/\/eldiariodesanpedro.com.ar\/sitio\/wp-json\/wp\/v2\/users\/4"}],"replies":[{"embeddable":true,"href":"https:\/\/eldiariodesanpedro.com.ar\/sitio\/wp-json\/wp\/v2\/comments?post=44341"}],"version-history":[{"count":1,"href":"https:\/\/eldiariodesanpedro.com.ar\/sitio\/wp-json\/wp\/v2\/posts\/44341\/revisions"}],"predecessor-version":[{"id":44343,"href":"https:\/\/eldiariodesanpedro.com.ar\/sitio\/wp-json\/wp\/v2\/posts\/44341\/revisions\/44343"}],"wp:featuredmedia":[{"embeddable":true,"href":"https:\/\/eldiariodesanpedro.com.ar\/sitio\/wp-json\/wp\/v2\/media\/44342"}],"wp:attachment":[{"href":"https:\/\/eldiariodesanpedro.com.ar\/sitio\/wp-json\/wp\/v2\/media?parent=44341"}],"wp:term":[{"taxonomy":"category","embeddable":true,"href":"https:\/\/eldiariodesanpedro.com.ar\/sitio\/wp-json\/wp\/v2\/categories?post=44341"},{"taxonomy":"post_tag","embeddable":true,"href":"https:\/\/eldiariodesanpedro.com.ar\/sitio\/wp-json\/wp\/v2\/tags?post=44341"}],"curies":[{"name":"wp","href":"https:\/\/api.w.org\/{rel}","templated":true}]}}