{"id":44337,"date":"2018-11-28T09:46:44","date_gmt":"2018-11-28T12:46:44","guid":{"rendered":"https:\/\/eldiariodesanpedro.com.ar\/sitio\/?p=44337"},"modified":"2018-11-28T09:46:44","modified_gmt":"2018-11-28T12:46:44","slug":"20-anos-del-hallazgo-del-primer-fosil","status":"publish","type":"post","link":"https:\/\/eldiariodesanpedro.com.ar\/sitio\/20-anos-del-hallazgo-del-primer-fosil\/","title":{"rendered":"20 A\u00f1os del hallazgo del primer f\u00f3sil"},"content":{"rendered":"<p><!-- VideographyWP Plugin Message: Automatic video embedding prevented by plugin options. --><br \/>\nEl pr\u00f3ximo 10 de diciembre, se cumplen 20 a\u00f1os desde que el hallazgo del primer f\u00f3sil en las barrancas de nuestra zona, diera lugar a la creaci\u00f3n del Grupo Conservacionista de F\u00f3siles.<br \/>\nA 20 a\u00f1os de aquel descubrimiento hist\u00f3rico, el equipo del Museo Paleontol\u00f3gico de San Pedro invita a toda la comunidad a celebrar estas dos d\u00e9cadas de descubrimientos que han colocado a nuestra ciudad como un punto de referencia nacional en el resguardo del patrimonio hist\u00f3rico y paleontol\u00f3gico. <\/p>\n<p>El evento conmemorativo por estos 20 a\u00f1os se llevar\u00e1 a cabo en las puertas del Museo Paleontol\u00f3gico \u00abFray Manuel de Torres\u00bb (Pellegrini 145), el DOMINGO 16 DE DICIEMBRE, A LAS 20.00 HS, donde se realizar\u00e1 el acto oficial y se har\u00e1 un repaso con im\u00e1genes por los principales hechos que forjaron la historia del grupo sampedrino.<br \/>\nPara cerrar el evento, desde el Museo se ofrecer\u00e1 a la comunidad un show de tenores a cargo de la empresa \u00abOperabis\u00bb. Los tenores del Col\u00f3n, ofrecer\u00e1n sus privilegiadas voces en un show que incluir\u00e1 los mejores temas de la l\u00edrica mundial, fino humor y su acostumbrada interacci\u00f3n con el p\u00fablico.<\/p>\n<p>El evento ser\u00e1 libre y gratuito, ha sido DECLARADO DE INTER\u00c9S MUNICIPAL por la Municipalidad de San Pedro y ser\u00e1 posible gracias al trabajo conjunto entre diferentes firmas comerciales de la ciudad y el grupo del Museo. Se recomienda llevar reposeras o concurrir a horario, ya que la cantidad de sillas ser\u00e1 limitada.<\/p>\n","protected":false},"excerpt":{"rendered":"<p>El pr\u00f3ximo 10 de diciembre, se cumplen 20 a\u00f1os desde que el hallazgo del primer f\u00f3sil en las barrancas de nuestra zona, diera lugar a la creaci\u00f3n del Grupo Conservacionista de F\u00f3siles. A 20 a\u00f1os de aquel descubrimiento hist\u00f3rico, el equipo del Museo Paleontol\u00f3gico de San Pedro invita a toda la comunidad a celebrar estas [&hellip;]<\/p>\n","protected":false},"author":4,"featured_media":17344,"comment_status":"open","ping_status":"closed","sticky":false,"template":"","format":"standard","meta":{"om_disable_all_campaigns":false,"_jetpack_memberships_contains_paid_content":false,"footnotes":""},"categories":[101,2],"tags":[],"class_list":["post-44337","post","type-post","status-publish","format-standard","has-post-thumbnail","hentry","category-interes-general-locales","category-locales"],"aioseo_notices":[],"gutentor_comment":0,"jetpack_featured_media_url":"https:\/\/eldiariodesanpedro.com.ar\/sitio\/wp-content\/uploads\/2017\/04\/Museo-Paleontol\u00f3gico-de-San-Pedro.jpg","jetpack_shortlink":"https:\/\/wp.me\/p6RhLt-bx7","jetpack_sharing_enabled":true,"_links":{"self":[{"href":"https:\/\/eldiariodesanpedro.com.ar\/sitio\/wp-json\/wp\/v2\/posts\/44337","targetHints":{"allow":["GET"]}}],"collection":[{"href":"https:\/\/eldiariodesanpedro.com.ar\/sitio\/wp-json\/wp\/v2\/posts"}],"about":[{"href":"https:\/\/eldiariodesanpedro.com.ar\/sitio\/wp-json\/wp\/v2\/types\/post"}],"author":[{"embeddable":true,"href":"https:\/\/eldiariodesanpedro.com.ar\/sitio\/wp-json\/wp\/v2\/users\/4"}],"replies":[{"embeddable":true,"href":"https:\/\/eldiariodesanpedro.com.ar\/sitio\/wp-json\/wp\/v2\/comments?post=44337"}],"version-history":[{"count":1,"href":"https:\/\/eldiariodesanpedro.com.ar\/sitio\/wp-json\/wp\/v2\/posts\/44337\/revisions"}],"predecessor-version":[{"id":44340,"href":"https:\/\/eldiariodesanpedro.com.ar\/sitio\/wp-json\/wp\/v2\/posts\/44337\/revisions\/44340"}],"wp:featuredmedia":[{"embeddable":true,"href":"https:\/\/eldiariodesanpedro.com.ar\/sitio\/wp-json\/wp\/v2\/media\/17344"}],"wp:attachment":[{"href":"https:\/\/eldiariodesanpedro.com.ar\/sitio\/wp-json\/wp\/v2\/media?parent=44337"}],"wp:term":[{"taxonomy":"category","embeddable":true,"href":"https:\/\/eldiariodesanpedro.com.ar\/sitio\/wp-json\/wp\/v2\/categories?post=44337"},{"taxonomy":"post_tag","embeddable":true,"href":"https:\/\/eldiariodesanpedro.com.ar\/sitio\/wp-json\/wp\/v2\/tags?post=44337"}],"curies":[{"name":"wp","href":"https:\/\/api.w.org\/{rel}","templated":true}]}}