{"id":44318,"date":"2018-11-27T22:24:13","date_gmt":"2018-11-28T01:24:13","guid":{"rendered":"https:\/\/eldiariodesanpedro.com.ar\/sitio\/?p=44318"},"modified":"2018-11-27T22:24:13","modified_gmt":"2018-11-28T01:24:13","slug":"se-logro-detener-a-brian-navarro-agresor-del-joven-herido-en-krapson","status":"publish","type":"post","link":"https:\/\/eldiariodesanpedro.com.ar\/sitio\/se-logro-detener-a-brian-navarro-agresor-del-joven-herido-en-krapson\/","title":{"rendered":"Se logr\u00f3 detener a Brian Navarro agresor del joven herido en Krapson"},"content":{"rendered":"<p><!-- VideographyWP Plugin Message: Automatic video embedding prevented by plugin options. --><br \/>\nEste martes pasadas las 20 horas, la policia de la comisaria efectivizo la detenci\u00f3n de Braian Navarro de 19 a\u00f1os de edad, que estaba pr\u00f3fugo de la justicia, y que estaba siendo buscado. <\/p>\n<p>Recordemos que este joven era buscado desde el domingo tras el hechos que fuera de publico conocimiento acaecido en un local de expansi\u00f3n nocturna c\u00e9ntrico \u00abKrapson\u00bb el pasado domingo en horas de la madrugada, donde resultar\u00e1 gravemente herido un joven de 22 a\u00f1os Javier Vega, que sufriera lesiones de arma blanca a la altura del cuello y que permanece internado en grave estado. <\/p>\n<p>El detenido se encuentra alojado en sede de la comisaria local, a disposici\u00f3n de la Fiscalia en Turno de San Pedro.<\/p>\n<p><img decoding=\"async\" data-attachment-id=\"44321\" data-permalink=\"https:\/\/eldiariodesanpedro.com.ar\/sitio\/se-logro-detener-a-brian-navarro-agresor-del-joven-herido-en-krapson\/detenido-tentativa-de-homicidio\/\" data-orig-file=\"https:\/\/eldiariodesanpedro.com.ar\/sitio\/wp-content\/uploads\/2018\/11\/Detenido-tentativa-de-homicidio.jpg\" data-orig-size=\"774,1032\" data-comments-opened=\"1\" data-image-meta=\"{&quot;aperture&quot;:&quot;0&quot;,&quot;credit&quot;:&quot;&quot;,&quot;camera&quot;:&quot;&quot;,&quot;caption&quot;:&quot;&quot;,&quot;created_timestamp&quot;:&quot;0&quot;,&quot;copyright&quot;:&quot;&quot;,&quot;focal_length&quot;:&quot;0&quot;,&quot;iso&quot;:&quot;0&quot;,&quot;shutter_speed&quot;:&quot;0&quot;,&quot;title&quot;:&quot;&quot;,&quot;orientation&quot;:&quot;0&quot;}\" data-image-title=\"Detenido tentativa de homicidio\" data-image-description=\"\" data-image-caption=\"\" data-large-file=\"https:\/\/eldiariodesanpedro.com.ar\/sitio\/wp-content\/uploads\/2018\/11\/Detenido-tentativa-de-homicidio-768x1024.jpg\" data-src=\"https:\/\/eldiariodesanpedro.com.ar\/sitio\/wp-content\/uploads\/2018\/11\/Detenido-tentativa-de-homicidio-768x1024.jpg\" alt=\"\" width=\"660\" height=\"880\" class=\"alignnone size-large wp-image-44321 lazyload\" data-srcset=\"https:\/\/eldiariodesanpedro.com.ar\/sitio\/wp-content\/uploads\/2018\/11\/Detenido-tentativa-de-homicidio-768x1024.jpg 768w, https:\/\/eldiariodesanpedro.com.ar\/sitio\/wp-content\/uploads\/2018\/11\/Detenido-tentativa-de-homicidio-225x300.jpg 225w, https:\/\/eldiariodesanpedro.com.ar\/sitio\/wp-content\/uploads\/2018\/11\/Detenido-tentativa-de-homicidio.jpg 774w\" data-sizes=\"(max-width: 660px) 100vw, 660px\" src=\"data:image\/svg+xml;base64,PHN2ZyB3aWR0aD0iMSIgaGVpZ2h0PSIxIiB4bWxucz0iaHR0cDovL3d3dy53My5vcmcvMjAwMC9zdmciPjwvc3ZnPg==\" style=\"--smush-placeholder-width: 660px; --smush-placeholder-aspect-ratio: 660\/880;\" \/><\/p>\n","protected":false},"excerpt":{"rendered":"<p>Este martes pasadas las 20 horas, la policia de la comisaria efectivizo la detenci\u00f3n de Braian Navarro de 19 a\u00f1os de edad, que estaba pr\u00f3fugo de la justicia, y que estaba siendo buscado. Recordemos que este joven era buscado desde el domingo tras el hechos que fuera de publico conocimiento acaecido en un local de [&hellip;]<\/p>\n","protected":false},"author":4,"featured_media":44320,"comment_status":"open","ping_status":"closed","sticky":false,"template":"","format":"standard","meta":{"om_disable_all_campaigns":false,"_jetpack_memberships_contains_paid_content":false,"footnotes":""},"categories":[50,2,103],"tags":[],"class_list":["post-44318","post","type-post","status-publish","format-standard","has-post-thumbnail","hentry","category-destacadas","category-locales","category-policiales-locales"],"aioseo_notices":[],"gutentor_comment":0,"jetpack_featured_media_url":"https:\/\/eldiariodesanpedro.com.ar\/sitio\/wp-content\/uploads\/2018\/11\/20181127_222207.jpg","jetpack_shortlink":"https:\/\/wp.me\/p6RhLt-bwO","jetpack_sharing_enabled":true,"_links":{"self":[{"href":"https:\/\/eldiariodesanpedro.com.ar\/sitio\/wp-json\/wp\/v2\/posts\/44318","targetHints":{"allow":["GET"]}}],"collection":[{"href":"https:\/\/eldiariodesanpedro.com.ar\/sitio\/wp-json\/wp\/v2\/posts"}],"about":[{"href":"https:\/\/eldiariodesanpedro.com.ar\/sitio\/wp-json\/wp\/v2\/types\/post"}],"author":[{"embeddable":true,"href":"https:\/\/eldiariodesanpedro.com.ar\/sitio\/wp-json\/wp\/v2\/users\/4"}],"replies":[{"embeddable":true,"href":"https:\/\/eldiariodesanpedro.com.ar\/sitio\/wp-json\/wp\/v2\/comments?post=44318"}],"version-history":[{"count":2,"href":"https:\/\/eldiariodesanpedro.com.ar\/sitio\/wp-json\/wp\/v2\/posts\/44318\/revisions"}],"predecessor-version":[{"id":44322,"href":"https:\/\/eldiariodesanpedro.com.ar\/sitio\/wp-json\/wp\/v2\/posts\/44318\/revisions\/44322"}],"wp:featuredmedia":[{"embeddable":true,"href":"https:\/\/eldiariodesanpedro.com.ar\/sitio\/wp-json\/wp\/v2\/media\/44320"}],"wp:attachment":[{"href":"https:\/\/eldiariodesanpedro.com.ar\/sitio\/wp-json\/wp\/v2\/media?parent=44318"}],"wp:term":[{"taxonomy":"category","embeddable":true,"href":"https:\/\/eldiariodesanpedro.com.ar\/sitio\/wp-json\/wp\/v2\/categories?post=44318"},{"taxonomy":"post_tag","embeddable":true,"href":"https:\/\/eldiariodesanpedro.com.ar\/sitio\/wp-json\/wp\/v2\/tags?post=44318"}],"curies":[{"name":"wp","href":"https:\/\/api.w.org\/{rel}","templated":true}]}}