{"id":44312,"date":"2018-11-27T21:05:51","date_gmt":"2018-11-28T00:05:51","guid":{"rendered":"https:\/\/eldiariodesanpedro.com.ar\/sitio\/?p=44312"},"modified":"2018-11-27T21:05:51","modified_gmt":"2018-11-28T00:05:51","slug":"fallecio-el-empresario-manuel-pardo","status":"publish","type":"post","link":"https:\/\/eldiariodesanpedro.com.ar\/sitio\/fallecio-el-empresario-manuel-pardo\/","title":{"rendered":"Falleci\u00f3 el empresario Manuel Pardo"},"content":{"rendered":"<p><!-- VideographyWP Plugin Message: Automatic video embedding prevented by plugin options. --><br \/>\nTen\u00eda 79 a\u00f1os y se encontraba junto a su familia en la localidad de Col\u00f3n de donde era oriundo. Por tal motivo las sucursales de nuestra ciudad permanecieron cerradas.<\/p>\n<p>  Las sucursales de Pardo hogar permanecieron cerradas durante el lunes debido al fallecimiento de su propietario y fundador, el empresario Manuel Pardo. El exitoso comerciante ten\u00eda 79 a\u00f1os y viv\u00eda en la localidad de Col\u00f3n.<br \/>\n  La firma naci\u00f3 en junio de 1970 de la mano de Manuel Pardo y se lo recordar\u00e1 por ser una persona emprendedora y responsable que de  sencillo comercio familiar instituy\u00f3 una de las cadenas de electrodom\u00e9sticos y accesorios para el hogar m\u00e1s importantes del pa\u00eds, con 50 sucursales en las provincias de Buenos Aires, Santa Fe, Entre R\u00edos y C\u00f3rdoba.<br \/>\n  San Pedro fue una de sus ciudades predilectas y a diferencias de otras localidades apost\u00f3 al \u00e9xito abriendo dos sucursales, algo que no sol\u00eda hacer en el resto de las cadenas.<br \/>\nDesde la d\u00e9cada del 90 la empresa se asent\u00f3 en la ciudad adquiriendo dos locales emblem\u00e1ticos donde antiguamente hab\u00edan funcionado las firmas Casa Lombardi y Mart\u00ednez Sobrado, logrando con el paso de los a\u00f1os afirmarse como uno de los comercios m\u00e1s confiables y exitosos en la ciudad.<br \/>\n  La desaparici\u00f3n de Manuel Pardo provoc\u00f3 tristeza y pesar entre quienes lo conocieron, sus restos fueron velados en la ciudad de Col\u00f3n y sepultados en un cementerio parque de la misma localidad.  <\/p>\n<p>Fuente: San Pedro Informa <\/p>\n","protected":false},"excerpt":{"rendered":"<p>Ten\u00eda 79 a\u00f1os y se encontraba junto a su familia en la localidad de Col\u00f3n de donde era oriundo. Por tal motivo las sucursales de nuestra ciudad permanecieron cerradas. Las sucursales de Pardo hogar permanecieron cerradas durante el lunes debido al fallecimiento de su propietario y fundador, el empresario Manuel Pardo. El exitoso comerciante ten\u00eda [&hellip;]<\/p>\n","protected":false},"author":4,"featured_media":44313,"comment_status":"open","ping_status":"closed","sticky":false,"template":"","format":"standard","meta":{"om_disable_all_campaigns":false,"_jetpack_memberships_contains_paid_content":false,"footnotes":""},"categories":[101,2],"tags":[],"class_list":["post-44312","post","type-post","status-publish","format-standard","has-post-thumbnail","hentry","category-interes-general-locales","category-locales"],"aioseo_notices":[],"gutentor_comment":0,"jetpack_featured_media_url":"https:\/\/eldiariodesanpedro.com.ar\/sitio\/wp-content\/uploads\/2018\/11\/pardo-liston-negro.jpg","jetpack_shortlink":"https:\/\/wp.me\/p6RhLt-bwI","jetpack_sharing_enabled":true,"_links":{"self":[{"href":"https:\/\/eldiariodesanpedro.com.ar\/sitio\/wp-json\/wp\/v2\/posts\/44312","targetHints":{"allow":["GET"]}}],"collection":[{"href":"https:\/\/eldiariodesanpedro.com.ar\/sitio\/wp-json\/wp\/v2\/posts"}],"about":[{"href":"https:\/\/eldiariodesanpedro.com.ar\/sitio\/wp-json\/wp\/v2\/types\/post"}],"author":[{"embeddable":true,"href":"https:\/\/eldiariodesanpedro.com.ar\/sitio\/wp-json\/wp\/v2\/users\/4"}],"replies":[{"embeddable":true,"href":"https:\/\/eldiariodesanpedro.com.ar\/sitio\/wp-json\/wp\/v2\/comments?post=44312"}],"version-history":[{"count":1,"href":"https:\/\/eldiariodesanpedro.com.ar\/sitio\/wp-json\/wp\/v2\/posts\/44312\/revisions"}],"predecessor-version":[{"id":44315,"href":"https:\/\/eldiariodesanpedro.com.ar\/sitio\/wp-json\/wp\/v2\/posts\/44312\/revisions\/44315"}],"wp:featuredmedia":[{"embeddable":true,"href":"https:\/\/eldiariodesanpedro.com.ar\/sitio\/wp-json\/wp\/v2\/media\/44313"}],"wp:attachment":[{"href":"https:\/\/eldiariodesanpedro.com.ar\/sitio\/wp-json\/wp\/v2\/media?parent=44312"}],"wp:term":[{"taxonomy":"category","embeddable":true,"href":"https:\/\/eldiariodesanpedro.com.ar\/sitio\/wp-json\/wp\/v2\/categories?post=44312"},{"taxonomy":"post_tag","embeddable":true,"href":"https:\/\/eldiariodesanpedro.com.ar\/sitio\/wp-json\/wp\/v2\/tags?post=44312"}],"curies":[{"name":"wp","href":"https:\/\/api.w.org\/{rel}","templated":true}]}}