{"id":44299,"date":"2018-11-27T20:47:42","date_gmt":"2018-11-27T23:47:42","guid":{"rendered":"https:\/\/eldiariodesanpedro.com.ar\/sitio\/?p=44299"},"modified":"2026-01-24T00:08:54","modified_gmt":"2026-01-24T03:08:54","slug":"futbol-local-sin-actividad-por-el-river-boca-que-luego-no-se-jugo","status":"publish","type":"post","link":"https:\/\/eldiariodesanpedro.com.ar\/sitio\/futbol-local-sin-actividad-por-el-river-boca-que-luego-no-se-jugo\/","title":{"rendered":"F\u00daTBOL LOCAL: Sin actividad por el River-Boca que luego no se jug\u00f3"},"content":{"rendered":"<p><!-- VideographyWP Plugin Message: Automatic video embedding prevented by plugin options. --><br \/>\n  Finalmente lleg\u00f3 la decisi\u00f3n adoptada por las instituciones que juegan por las semifinales del Torneo Clausura de la Liga Sampedrina para la URL San Pedro-Baradero.<br \/>\n  Seg\u00fan nos inform\u00f3 su vicepresidente Andr\u00e9s S\u00e1nchez se lleg\u00f3 a la determinaci\u00f3n de la suspensi\u00f3n ante el partido cl\u00e1sico final de la Libertadores entre River y Boca.<br \/>\n  Las fechas que a\u00fan restan para culminar el certamen los pone cada vez m\u00e1s cerca de las fiestas. Tres domingos se necesitan para finalizar el torneo, sin m\u00e1s postergaciones.<\/p>\n<p><strong>Los partidos son:<\/strong><br \/>\n<em>Semifinales, revancha<\/em><\/p>\n<p><strong>Primera divisi\u00f3n<\/strong><br \/>\nMitre (0) vs. Independencia FC (1)<br \/>\nSportivo (2) vs. Atl\u00e9tico (1)<\/p>\n<p><strong>Sub 21<\/strong><br \/>\nMitre (1) vs. Independencia FC (0)<br \/>\nPartidos finales de ida<br \/>\nParan\u00e1 vs. Sportivo (cuarta divisi\u00f3n)<br \/>\nIndependencia FC vs. Gral. San Mart\u00edn (tercera divisi\u00f3n)<\/p>\n<p><strong>Quinta <\/strong><br \/>\nMitre vs. Independencia FC<br \/>\nClasificado a la final, espera por rival<\/p>\n<p><strong>Sub 21<\/strong><br \/>\nIreneo Portela<\/p>\n","protected":false},"excerpt":{"rendered":"<p>Finalmente lleg\u00f3 la decisi\u00f3n adoptada por las instituciones que juegan por las semifinales del Torneo Clausura de la Liga Sampedrina para la URL San Pedro-Baradero. Seg\u00fan nos inform\u00f3 su vicepresidente Andr\u00e9s S\u00e1nchez se lleg\u00f3 a la determinaci\u00f3n de la suspensi\u00f3n ante el partido cl\u00e1sico final de la Libertadores entre River y Boca. Las fechas que [&hellip;]<\/p>\n","protected":false},"author":4,"featured_media":12943,"comment_status":"open","ping_status":"closed","sticky":false,"template":"","format":"standard","meta":{"om_disable_all_campaigns":false,"_jetpack_memberships_contains_paid_content":false,"footnotes":""},"categories":[5],"tags":[],"class_list":["post-44299","post","type-post","status-publish","format-standard","has-post-thumbnail","hentry","category-deportes"],"aioseo_notices":[],"gutentor_comment":0,"jetpack_featured_media_url":"https:\/\/eldiariodesanpedro.com.ar\/sitio\/wp-content\/uploads\/2017\/01\/futbol.jpg","jetpack_shortlink":"https:\/\/wp.me\/p6RhLt-bwv","jetpack_sharing_enabled":true,"_links":{"self":[{"href":"https:\/\/eldiariodesanpedro.com.ar\/sitio\/wp-json\/wp\/v2\/posts\/44299","targetHints":{"allow":["GET"]}}],"collection":[{"href":"https:\/\/eldiariodesanpedro.com.ar\/sitio\/wp-json\/wp\/v2\/posts"}],"about":[{"href":"https:\/\/eldiariodesanpedro.com.ar\/sitio\/wp-json\/wp\/v2\/types\/post"}],"author":[{"embeddable":true,"href":"https:\/\/eldiariodesanpedro.com.ar\/sitio\/wp-json\/wp\/v2\/users\/4"}],"replies":[{"embeddable":true,"href":"https:\/\/eldiariodesanpedro.com.ar\/sitio\/wp-json\/wp\/v2\/comments?post=44299"}],"version-history":[{"count":1,"href":"https:\/\/eldiariodesanpedro.com.ar\/sitio\/wp-json\/wp\/v2\/posts\/44299\/revisions"}],"predecessor-version":[{"id":44304,"href":"https:\/\/eldiariodesanpedro.com.ar\/sitio\/wp-json\/wp\/v2\/posts\/44299\/revisions\/44304"}],"wp:featuredmedia":[{"embeddable":true,"href":"https:\/\/eldiariodesanpedro.com.ar\/sitio\/wp-json\/wp\/v2\/media\/12943"}],"wp:attachment":[{"href":"https:\/\/eldiariodesanpedro.com.ar\/sitio\/wp-json\/wp\/v2\/media?parent=44299"}],"wp:term":[{"taxonomy":"category","embeddable":true,"href":"https:\/\/eldiariodesanpedro.com.ar\/sitio\/wp-json\/wp\/v2\/categories?post=44299"},{"taxonomy":"post_tag","embeddable":true,"href":"https:\/\/eldiariodesanpedro.com.ar\/sitio\/wp-json\/wp\/v2\/tags?post=44299"}],"curies":[{"name":"wp","href":"https:\/\/api.w.org\/{rel}","templated":true}]}}