{"id":44296,"date":"2018-11-27T20:46:07","date_gmt":"2018-11-27T23:46:07","guid":{"rendered":"https:\/\/eldiariodesanpedro.com.ar\/sitio\/?p=44296"},"modified":"2026-01-24T00:08:54","modified_gmt":"2026-01-24T03:08:54","slug":"ciclismo-en-el-gran-premio-miguel-sevillano-mariano-manzo-fue-quinto","status":"publish","type":"post","link":"https:\/\/eldiariodesanpedro.com.ar\/sitio\/ciclismo-en-el-gran-premio-miguel-sevillano-mariano-manzo-fue-quinto\/","title":{"rendered":"CICLISMO: En el Gran Premio \u2018Miguel Sevillano\u2019 Mariano Manzo fue quinto"},"content":{"rendered":"<p><!-- VideographyWP Plugin Message: Automatic video embedding prevented by plugin options. --><br \/>\n  Se realiz\u00f3 en el circuito KDT el gran premio Miguel Sevillano que sum\u00f3 puntos para Doble Bragado 2019. Un total de 92 los ciclistas que tuvieron que cubrir el trazado porte\u00f1o por dos horas de carrera. El sampedrino Mariano Manzo culmin\u00f3 quinto.<br \/>\n  Distintas alternativas con un fuerte ritmo de competencia, la \u00faltima fuga de 18 ciclistas en la parte final fue controlada y se defini\u00f3 en sprint masivo donde los hombres del Ciudad de Chivilcoy hicieron el 1-2-3.<br \/>\n  Gan\u00f3 Sergio Fredes sobre Diego Langoni y An\u00edbal Borrajo, completaron el podio Cristian Clavero del KTM y el sampedrino Mariano Manzo de Transporte El Sol.<\/p>\n<p><strong>\u00c9lite y Sub 23<\/strong><br \/>\n1\u00b0 Sergio Omar Fredes (Ranchos)<br \/>\n2\u00b0 Diego Langoni (La Plata)<br \/>\n3\u00b0 Alejandro Borrajo (Capital Federal)<br \/>\n4\u00b0 Cristian Clavero (Luj\u00e1n)<br \/>\n5\u00b0 Mariano Manzo (San Pedro)<\/p>\n","protected":false},"excerpt":{"rendered":"<p>Se realiz\u00f3 en el circuito KDT el gran premio Miguel Sevillano que sum\u00f3 puntos para Doble Bragado 2019. Un total de 92 los ciclistas que tuvieron que cubrir el trazado porte\u00f1o por dos horas de carrera. El sampedrino Mariano Manzo culmin\u00f3 quinto. Distintas alternativas con un fuerte ritmo de competencia, la \u00faltima fuga de 18 [&hellip;]<\/p>\n","protected":false},"author":4,"featured_media":24046,"comment_status":"open","ping_status":"closed","sticky":false,"template":"","format":"standard","meta":{"om_disable_all_campaigns":false,"_jetpack_memberships_contains_paid_content":false,"footnotes":""},"categories":[5],"tags":[],"class_list":["post-44296","post","type-post","status-publish","format-standard","has-post-thumbnail","hentry","category-deportes"],"aioseo_notices":[],"gutentor_comment":0,"jetpack_featured_media_url":"https:\/\/eldiariodesanpedro.com.ar\/sitio\/wp-content\/uploads\/2017\/10\/ciclismo-2.jpg","jetpack_shortlink":"https:\/\/wp.me\/p6RhLt-bws","jetpack_sharing_enabled":true,"_links":{"self":[{"href":"https:\/\/eldiariodesanpedro.com.ar\/sitio\/wp-json\/wp\/v2\/posts\/44296","targetHints":{"allow":["GET"]}}],"collection":[{"href":"https:\/\/eldiariodesanpedro.com.ar\/sitio\/wp-json\/wp\/v2\/posts"}],"about":[{"href":"https:\/\/eldiariodesanpedro.com.ar\/sitio\/wp-json\/wp\/v2\/types\/post"}],"author":[{"embeddable":true,"href":"https:\/\/eldiariodesanpedro.com.ar\/sitio\/wp-json\/wp\/v2\/users\/4"}],"replies":[{"embeddable":true,"href":"https:\/\/eldiariodesanpedro.com.ar\/sitio\/wp-json\/wp\/v2\/comments?post=44296"}],"version-history":[{"count":1,"href":"https:\/\/eldiariodesanpedro.com.ar\/sitio\/wp-json\/wp\/v2\/posts\/44296\/revisions"}],"predecessor-version":[{"id":44300,"href":"https:\/\/eldiariodesanpedro.com.ar\/sitio\/wp-json\/wp\/v2\/posts\/44296\/revisions\/44300"}],"wp:featuredmedia":[{"embeddable":true,"href":"https:\/\/eldiariodesanpedro.com.ar\/sitio\/wp-json\/wp\/v2\/media\/24046"}],"wp:attachment":[{"href":"https:\/\/eldiariodesanpedro.com.ar\/sitio\/wp-json\/wp\/v2\/media?parent=44296"}],"wp:term":[{"taxonomy":"category","embeddable":true,"href":"https:\/\/eldiariodesanpedro.com.ar\/sitio\/wp-json\/wp\/v2\/categories?post=44296"},{"taxonomy":"post_tag","embeddable":true,"href":"https:\/\/eldiariodesanpedro.com.ar\/sitio\/wp-json\/wp\/v2\/tags?post=44296"}],"curies":[{"name":"wp","href":"https:\/\/api.w.org\/{rel}","templated":true}]}}