{"id":44290,"date":"2018-11-27T20:43:56","date_gmt":"2018-11-27T23:43:56","guid":{"rendered":"https:\/\/eldiariodesanpedro.com.ar\/sitio\/?p=44290"},"modified":"2018-11-27T20:43:56","modified_gmt":"2018-11-27T23:43:56","slug":"campana-el-intendente-de-campana-se-reunio-con-el-vicegobernador-salvador","status":"publish","type":"post","link":"https:\/\/eldiariodesanpedro.com.ar\/sitio\/campana-el-intendente-de-campana-se-reunio-con-el-vicegobernador-salvador\/","title":{"rendered":"CAMPANA: El Intendente de Campana se reuni\u00f3 con el vicegobernador Salvador"},"content":{"rendered":"<p><!-- VideographyWP Plugin Message: Automatic video embedding prevented by plugin options. --><br \/>\nAbella convers\u00f3 con el mandatario bonaerense y referente de la UCR sobre diversos temas de la pol\u00edtica tanto local como provincial y nacional.<\/p>\n<p>  El intendente Sebasti\u00e1n Abella se reuni\u00f3 con el vicegobernador de la Provincia de Buenos Aires, Daniel Salvador, para conversar sobre distintos temas vinculados a la pol\u00edtica.<br \/>\n  Junto al subsecretario de Asuntos Municipales bonaerense, Alex Campbell, y a su secretario privado, Mart\u00edn Deppeler, Abella abord\u00f3 con Salvador la situaci\u00f3n de la pol\u00edtica local, del Concejo Deliberante y tambi\u00e9n a nivel nacional de cara al 2019.<br \/>\n  El Intendente agradeci\u00f3 la buena predisposici\u00f3n del referente de la UCR como as\u00ed tambi\u00e9n el apoyo brindado hacia su gesti\u00f3n.<\/p>\n","protected":false},"excerpt":{"rendered":"<p>Abella convers\u00f3 con el mandatario bonaerense y referente de la UCR sobre diversos temas de la pol\u00edtica tanto local como provincial y nacional. El intendente Sebasti\u00e1n Abella se reuni\u00f3 con el vicegobernador de la Provincia de Buenos Aires, Daniel Salvador, para conversar sobre distintos temas vinculados a la pol\u00edtica. Junto al subsecretario de Asuntos Municipales [&hellip;]<\/p>\n","protected":false},"author":4,"featured_media":44292,"comment_status":"open","ping_status":"closed","sticky":false,"template":"","format":"standard","meta":{"om_disable_all_campaigns":false,"_jetpack_memberships_contains_paid_content":false,"footnotes":""},"categories":[621],"tags":[],"class_list":["post-44290","post","type-post","status-publish","format-standard","has-post-thumbnail","hentry","category-regionales"],"aioseo_notices":[],"gutentor_comment":0,"jetpack_featured_media_url":"https:\/\/eldiariodesanpedro.com.ar\/sitio\/wp-content\/uploads\/2018\/11\/PAGINA-7-9.jpg","jetpack_shortlink":"https:\/\/wp.me\/p6RhLt-bwm","jetpack_sharing_enabled":true,"_links":{"self":[{"href":"https:\/\/eldiariodesanpedro.com.ar\/sitio\/wp-json\/wp\/v2\/posts\/44290","targetHints":{"allow":["GET"]}}],"collection":[{"href":"https:\/\/eldiariodesanpedro.com.ar\/sitio\/wp-json\/wp\/v2\/posts"}],"about":[{"href":"https:\/\/eldiariodesanpedro.com.ar\/sitio\/wp-json\/wp\/v2\/types\/post"}],"author":[{"embeddable":true,"href":"https:\/\/eldiariodesanpedro.com.ar\/sitio\/wp-json\/wp\/v2\/users\/4"}],"replies":[{"embeddable":true,"href":"https:\/\/eldiariodesanpedro.com.ar\/sitio\/wp-json\/wp\/v2\/comments?post=44290"}],"version-history":[{"count":1,"href":"https:\/\/eldiariodesanpedro.com.ar\/sitio\/wp-json\/wp\/v2\/posts\/44290\/revisions"}],"predecessor-version":[{"id":44294,"href":"https:\/\/eldiariodesanpedro.com.ar\/sitio\/wp-json\/wp\/v2\/posts\/44290\/revisions\/44294"}],"wp:featuredmedia":[{"embeddable":true,"href":"https:\/\/eldiariodesanpedro.com.ar\/sitio\/wp-json\/wp\/v2\/media\/44292"}],"wp:attachment":[{"href":"https:\/\/eldiariodesanpedro.com.ar\/sitio\/wp-json\/wp\/v2\/media?parent=44290"}],"wp:term":[{"taxonomy":"category","embeddable":true,"href":"https:\/\/eldiariodesanpedro.com.ar\/sitio\/wp-json\/wp\/v2\/categories?post=44290"},{"taxonomy":"post_tag","embeddable":true,"href":"https:\/\/eldiariodesanpedro.com.ar\/sitio\/wp-json\/wp\/v2\/tags?post=44290"}],"curies":[{"name":"wp","href":"https:\/\/api.w.org\/{rel}","templated":true}]}}