{"id":44288,"date":"2018-11-27T20:43:27","date_gmt":"2018-11-27T23:43:27","guid":{"rendered":"https:\/\/eldiariodesanpedro.com.ar\/sitio\/?p=44288"},"modified":"2018-11-27T20:43:27","modified_gmt":"2018-11-27T23:43:27","slug":"san-nicolas-la-ciudad-se-movilizo-por-la-no-violencia-hacia-las-mujeres","status":"publish","type":"post","link":"https:\/\/eldiariodesanpedro.com.ar\/sitio\/san-nicolas-la-ciudad-se-movilizo-por-la-no-violencia-hacia-las-mujeres\/","title":{"rendered":"SAN NICOL\u00c1S: La ciudad se moviliz\u00f3 por la no violencia hacia las mujeres"},"content":{"rendered":"<p><!-- VideographyWP Plugin Message: Automatic video embedding prevented by plugin options. --><br \/>\nEn el marco del D\u00eda Internacional de la No Violencia contra las Mujeres que se conmemora cada 25 de noviembre, San Nicol\u00e1s replic\u00f3 ayer las manifestaciones que se convocaron en distintos puntos del pa\u00eds y del mundo. <\/p>\n<p>  En San Nicol\u00e1s la movilizaci\u00f3n parti\u00f3 desde la Plaza Mitre a las 18:00 hs. La consigna #NIUNAMENOS Vivas nos queremos, sigue siendo la impronta de este tipo de expresiones, en una sociedad cuyos niveles de violencia preocupan cada vez m\u00e1s.<br \/>\n  La convocatoria fue impulsada por la Multisectorial de Mujeres de San Nicol\u00e1s, CEIM, ATTTA, ATE, Las Mariposas, CTA de los Trabajadores, CTA Aut\u00f3noma, MUS, Polo Obrero, Campa\u00f1a Nacional por el Derecho al Aborto Legal, Seguro y Gratuito, CCC, Suteba, Mesa de la Memoria por la Justicia de San Nicol\u00e1s, Mujeres del Encuentro, entre otras organizaciones.<br \/>\n  \u201cBasta de femicidios\u201d, gritan las mujeres, muchas veces en contextos de un Estado ausente.<\/p>\n","protected":false},"excerpt":{"rendered":"<p>En el marco del D\u00eda Internacional de la No Violencia contra las Mujeres que se conmemora cada 25 de noviembre, San Nicol\u00e1s replic\u00f3 ayer las manifestaciones que se convocaron en distintos puntos del pa\u00eds y del mundo. En San Nicol\u00e1s la movilizaci\u00f3n parti\u00f3 desde la Plaza Mitre a las 18:00 hs. La consigna #NIUNAMENOS Vivas [&hellip;]<\/p>\n","protected":false},"author":4,"featured_media":44289,"comment_status":"open","ping_status":"closed","sticky":false,"template":"","format":"standard","meta":{"om_disable_all_campaigns":false,"_jetpack_memberships_contains_paid_content":false,"footnotes":""},"categories":[621],"tags":[],"class_list":["post-44288","post","type-post","status-publish","format-standard","has-post-thumbnail","hentry","category-regionales"],"aioseo_notices":[],"gutentor_comment":0,"jetpack_featured_media_url":"https:\/\/eldiariodesanpedro.com.ar\/sitio\/wp-content\/uploads\/2018\/11\/La-ciudad-se-moviliz\u00f3-por-la-no-violencia-hacia-las-mujeres.jpg","jetpack_shortlink":"https:\/\/wp.me\/p6RhLt-bwk","jetpack_sharing_enabled":true,"_links":{"self":[{"href":"https:\/\/eldiariodesanpedro.com.ar\/sitio\/wp-json\/wp\/v2\/posts\/44288","targetHints":{"allow":["GET"]}}],"collection":[{"href":"https:\/\/eldiariodesanpedro.com.ar\/sitio\/wp-json\/wp\/v2\/posts"}],"about":[{"href":"https:\/\/eldiariodesanpedro.com.ar\/sitio\/wp-json\/wp\/v2\/types\/post"}],"author":[{"embeddable":true,"href":"https:\/\/eldiariodesanpedro.com.ar\/sitio\/wp-json\/wp\/v2\/users\/4"}],"replies":[{"embeddable":true,"href":"https:\/\/eldiariodesanpedro.com.ar\/sitio\/wp-json\/wp\/v2\/comments?post=44288"}],"version-history":[{"count":1,"href":"https:\/\/eldiariodesanpedro.com.ar\/sitio\/wp-json\/wp\/v2\/posts\/44288\/revisions"}],"predecessor-version":[{"id":44293,"href":"https:\/\/eldiariodesanpedro.com.ar\/sitio\/wp-json\/wp\/v2\/posts\/44288\/revisions\/44293"}],"wp:featuredmedia":[{"embeddable":true,"href":"https:\/\/eldiariodesanpedro.com.ar\/sitio\/wp-json\/wp\/v2\/media\/44289"}],"wp:attachment":[{"href":"https:\/\/eldiariodesanpedro.com.ar\/sitio\/wp-json\/wp\/v2\/media?parent=44288"}],"wp:term":[{"taxonomy":"category","embeddable":true,"href":"https:\/\/eldiariodesanpedro.com.ar\/sitio\/wp-json\/wp\/v2\/categories?post=44288"},{"taxonomy":"post_tag","embeddable":true,"href":"https:\/\/eldiariodesanpedro.com.ar\/sitio\/wp-json\/wp\/v2\/tags?post=44288"}],"curies":[{"name":"wp","href":"https:\/\/api.w.org\/{rel}","templated":true}]}}