{"id":44281,"date":"2018-11-27T20:41:01","date_gmt":"2018-11-27T23:41:01","guid":{"rendered":"https:\/\/eldiariodesanpedro.com.ar\/sitio\/?p=44281"},"modified":"2018-11-27T20:41:01","modified_gmt":"2018-11-27T23:41:01","slug":"san-nicolas-mas-de-14000-personas-participaron-del-encuentro-ternium-de-fin-de-ano","status":"publish","type":"post","link":"https:\/\/eldiariodesanpedro.com.ar\/sitio\/san-nicolas-mas-de-14000-personas-participaron-del-encuentro-ternium-de-fin-de-ano\/","title":{"rendered":"SAN NICOL\u00c1S: Mas de 14000 personas participaron del Encuentro Ternium de Fin de A\u00f1o"},"content":{"rendered":"<p><!-- VideographyWP Plugin Message: Automatic video embedding prevented by plugin options. --><br \/>\nEl evento comenz\u00f3 en horas de la tarde con la llegada de las primeras familias que se fueron acomodando cerca del escenario y disfrutaron de las atracciones del predio: juegos inflables, obras teatrales infantiles, espect\u00e1culos de t\u00edteres y circenses, stands interactivos y una muestra del proyecto Fototeca.<\/p>\n<p>  Los shows sobre el escenario comenzaron alrededor de las 20:15 con un recuerdo de los 70, el grupo Vertiente interpret\u00f3 3 temas que hizo emocionar a los m\u00e1s grandes.<br \/>\nSigui\u00f3 Rock and Roll con Los Ruffis y luego un poco de folklore.<br \/>\n  La mega estrella Karol Sevilla despert\u00f3 el entusiasmo de ni\u00f1os y ni\u00f1as que la siguen desde Soy Luna. Dio un excelente y alegre show. Y cerr\u00f3 con su magia Luciano Pereyra hasta pasada la medianoche.<br \/>\n  Fue una verdadera fiesta para los empleados y sus familias. Se entregaron premios a la mejor producci\u00f3n y lo hizo el mismo Paolo Rocca junto a Mart\u00edn Berardi. Rocca habl\u00f3 a los presentes siendo muy optimista para el 2019: \u00abArgentina va a salir adelante. Despu\u00e9s del verano las cosas van a mejorar\u00bb.<\/p>\n<p>Fuente: Diario El Informante<\/p>\n","protected":false},"excerpt":{"rendered":"<p>El evento comenz\u00f3 en horas de la tarde con la llegada de las primeras familias que se fueron acomodando cerca del escenario y disfrutaron de las atracciones del predio: juegos inflables, obras teatrales infantiles, espect\u00e1culos de t\u00edteres y circenses, stands interactivos y una muestra del proyecto Fototeca. Los shows sobre el escenario comenzaron alrededor de [&hellip;]<\/p>\n","protected":false},"author":4,"featured_media":44284,"comment_status":"open","ping_status":"closed","sticky":false,"template":"","format":"standard","meta":{"om_disable_all_campaigns":false,"_jetpack_memberships_contains_paid_content":false,"footnotes":""},"categories":[621],"tags":[],"class_list":["post-44281","post","type-post","status-publish","format-standard","has-post-thumbnail","hentry","category-regionales"],"aioseo_notices":[],"gutentor_comment":0,"jetpack_featured_media_url":"https:\/\/eldiariodesanpedro.com.ar\/sitio\/wp-content\/uploads\/2018\/11\/mas-de-14000-personas-participaron-del-Encuentro-Ternium-de-Fin-de-A\u00f1o.jpeg","jetpack_shortlink":"https:\/\/wp.me\/p6RhLt-bwd","jetpack_sharing_enabled":true,"_links":{"self":[{"href":"https:\/\/eldiariodesanpedro.com.ar\/sitio\/wp-json\/wp\/v2\/posts\/44281","targetHints":{"allow":["GET"]}}],"collection":[{"href":"https:\/\/eldiariodesanpedro.com.ar\/sitio\/wp-json\/wp\/v2\/posts"}],"about":[{"href":"https:\/\/eldiariodesanpedro.com.ar\/sitio\/wp-json\/wp\/v2\/types\/post"}],"author":[{"embeddable":true,"href":"https:\/\/eldiariodesanpedro.com.ar\/sitio\/wp-json\/wp\/v2\/users\/4"}],"replies":[{"embeddable":true,"href":"https:\/\/eldiariodesanpedro.com.ar\/sitio\/wp-json\/wp\/v2\/comments?post=44281"}],"version-history":[{"count":1,"href":"https:\/\/eldiariodesanpedro.com.ar\/sitio\/wp-json\/wp\/v2\/posts\/44281\/revisions"}],"predecessor-version":[{"id":44286,"href":"https:\/\/eldiariodesanpedro.com.ar\/sitio\/wp-json\/wp\/v2\/posts\/44281\/revisions\/44286"}],"wp:featuredmedia":[{"embeddable":true,"href":"https:\/\/eldiariodesanpedro.com.ar\/sitio\/wp-json\/wp\/v2\/media\/44284"}],"wp:attachment":[{"href":"https:\/\/eldiariodesanpedro.com.ar\/sitio\/wp-json\/wp\/v2\/media?parent=44281"}],"wp:term":[{"taxonomy":"category","embeddable":true,"href":"https:\/\/eldiariodesanpedro.com.ar\/sitio\/wp-json\/wp\/v2\/categories?post=44281"},{"taxonomy":"post_tag","embeddable":true,"href":"https:\/\/eldiariodesanpedro.com.ar\/sitio\/wp-json\/wp\/v2\/tags?post=44281"}],"curies":[{"name":"wp","href":"https:\/\/api.w.org\/{rel}","templated":true}]}}