{"id":44277,"date":"2018-11-27T20:39:39","date_gmt":"2018-11-27T23:39:39","guid":{"rendered":"https:\/\/eldiariodesanpedro.com.ar\/sitio\/?p=44277"},"modified":"2018-11-27T20:39:39","modified_gmt":"2018-11-27T23:39:39","slug":"campana-clausuran-la-arenera-de-cantlon-que-ocupa-la-costanera","status":"publish","type":"post","link":"https:\/\/eldiariodesanpedro.com.ar\/sitio\/campana-clausuran-la-arenera-de-cantlon-que-ocupa-la-costanera\/","title":{"rendered":"CAMPANA: Clausuran la arenera de Cantlon que ocupa la costanera"},"content":{"rendered":"<p><!-- VideographyWP Plugin Message: Automatic video embedding prevented by plugin options. --><br \/>\nLa acci\u00f3n la llev\u00f3 adelante el Municipio a pedido del Gobierno nacional ya que el predio pertenece al Estado y se encuentra en pleno juicio por desalojo.<\/p>\n<p>  A pedido del Gobierno nacional, se clausur\u00f3 este lunes la arenera de la familia del concejal Axel Cantlon que ocupa la Costanera dado que el predio pertenece a la Agencia de Administraci\u00f3n de Bienes del Estado (AABE) y existe un juicio de desalojo en tr\u00e1mite.<br \/>\n  Esta acci\u00f3n se llev\u00f3 adelante de manera articulada por la Direcci\u00f3n General de Habilitaciones y Permisos del Municipio y personal policial porque adem\u00e1s, el lugar no cuenta con habilitaci\u00f3n municipal ni pueden acreditar su permanencia.<br \/>\n  Asimismo, representantes de la arenera presentaron certificados que no corresponden al domicilio y tampoco poseen los elementos necesarios de seguridad.<br \/>\n  Como parte de la medida, personal municipal con el acompa\u00f1amiento de la Polic\u00eda Local labr\u00f3 un acta y coloc\u00f3 tres fajas de clausura en la puerta de acceso.<br \/>\n  Cabe destacar que, como parte del proyecto de la nueva costanera, los vecinos de Campana necesitan recuperar ese predio para lograr el espacio p\u00fablico para disfrutar que todos desean. <\/p>\n","protected":false},"excerpt":{"rendered":"<p>La acci\u00f3n la llev\u00f3 adelante el Municipio a pedido del Gobierno nacional ya que el predio pertenece al Estado y se encuentra en pleno juicio por desalojo. A pedido del Gobierno nacional, se clausur\u00f3 este lunes la arenera de la familia del concejal Axel Cantlon que ocupa la Costanera dado que el predio pertenece a [&hellip;]<\/p>\n","protected":false},"author":4,"featured_media":44279,"comment_status":"open","ping_status":"closed","sticky":false,"template":"","format":"standard","meta":{"om_disable_all_campaigns":false,"_jetpack_memberships_contains_paid_content":false,"footnotes":""},"categories":[621],"tags":[],"class_list":["post-44277","post","type-post","status-publish","format-standard","has-post-thumbnail","hentry","category-regionales"],"aioseo_notices":[],"gutentor_comment":0,"jetpack_featured_media_url":"https:\/\/eldiariodesanpedro.com.ar\/sitio\/wp-content\/uploads\/2018\/11\/Cantlon-arenera.jpeg","jetpack_shortlink":"https:\/\/wp.me\/p6RhLt-bw9","jetpack_sharing_enabled":true,"_links":{"self":[{"href":"https:\/\/eldiariodesanpedro.com.ar\/sitio\/wp-json\/wp\/v2\/posts\/44277","targetHints":{"allow":["GET"]}}],"collection":[{"href":"https:\/\/eldiariodesanpedro.com.ar\/sitio\/wp-json\/wp\/v2\/posts"}],"about":[{"href":"https:\/\/eldiariodesanpedro.com.ar\/sitio\/wp-json\/wp\/v2\/types\/post"}],"author":[{"embeddable":true,"href":"https:\/\/eldiariodesanpedro.com.ar\/sitio\/wp-json\/wp\/v2\/users\/4"}],"replies":[{"embeddable":true,"href":"https:\/\/eldiariodesanpedro.com.ar\/sitio\/wp-json\/wp\/v2\/comments?post=44277"}],"version-history":[{"count":1,"href":"https:\/\/eldiariodesanpedro.com.ar\/sitio\/wp-json\/wp\/v2\/posts\/44277\/revisions"}],"predecessor-version":[{"id":44282,"href":"https:\/\/eldiariodesanpedro.com.ar\/sitio\/wp-json\/wp\/v2\/posts\/44277\/revisions\/44282"}],"wp:featuredmedia":[{"embeddable":true,"href":"https:\/\/eldiariodesanpedro.com.ar\/sitio\/wp-json\/wp\/v2\/media\/44279"}],"wp:attachment":[{"href":"https:\/\/eldiariodesanpedro.com.ar\/sitio\/wp-json\/wp\/v2\/media?parent=44277"}],"wp:term":[{"taxonomy":"category","embeddable":true,"href":"https:\/\/eldiariodesanpedro.com.ar\/sitio\/wp-json\/wp\/v2\/categories?post=44277"},{"taxonomy":"post_tag","embeddable":true,"href":"https:\/\/eldiariodesanpedro.com.ar\/sitio\/wp-json\/wp\/v2\/tags?post=44277"}],"curies":[{"name":"wp","href":"https:\/\/api.w.org\/{rel}","templated":true}]}}