{"id":44270,"date":"2018-11-27T19:28:35","date_gmt":"2018-11-27T22:28:35","guid":{"rendered":"https:\/\/eldiariodesanpedro.com.ar\/sitio\/?p=44270"},"modified":"2018-11-27T19:28:35","modified_gmt":"2018-11-27T22:28:35","slug":"javier-vega-desperto-y-presenta-una-gran-mejora-luego-que-se-realizara-una-marcha-por-pedido-de-justicia","status":"publish","type":"post","link":"https:\/\/eldiariodesanpedro.com.ar\/sitio\/javier-vega-desperto-y-presenta-una-gran-mejora-luego-que-se-realizara-una-marcha-por-pedido-de-justicia\/","title":{"rendered":"Javier Vega despert\u00f3 y presenta una gran mejora luego que se realizar\u00e1 una marcha por pedido de justicia"},"content":{"rendered":"<p><!-- VideographyWP Plugin Message: Automatic video embedding prevented by plugin options. --><br \/>\nEn horas de la tarde de este martes, luego de la marcha que familiares y amigos encabezaron para pedir justicia y seguridad en los locales nocturnos, el joven despert\u00f3 y los m\u00e9dicos decidieron extubarlo para que respire por sus propios medios, primer gran paso en el proceso de recuperaci\u00f3n tras la grave lesi\u00f3n que sufri\u00f3.<br \/>\nJavier \u00abMamu\u00bb Vega de 22 a\u00f1os de edad quien se encontraba en estado critico d\u00edas atr\u00e1s, en este marte despert\u00f3 y se le quito el respirador mec\u00e1nico para que lo hiciera por sus propios medios.<br \/>\nEl paciente tuvo \u00abuna mejor\u00eda r\u00e1pida\u00bb luego de las primeras 24 horas luego de que llegara a la Guardia trasladado por amigos que estaban con \u00e9l cuando fue atacado con un arma blanca dentro del boliche ubicado en Pellegrini 840.<br \/>\nEl joven fue intervenido quir\u00fargicamente de inmediato, con transfusiones de sangre incluidas, puesto que la p\u00e9rdida, a ra\u00edz de la herida, hab\u00eda sido importante. Su estado cr\u00edtico pero estable mejora de a poco y su familia conf\u00eda en que la evoluci\u00f3n favorable de la que hablan los m\u00e9dicos le permita una pronta recuperaci\u00f3n.<\/p>\n<p>Se realizo la marcha en pedido de justicia<br \/>\nLA marcha dio comienzo a las 11 hs de este martes desde la comisaria circulando por las calles c\u00e9ntricas hasta llegar a la fiscalia donde los familiares fueron recibidos por el Fiscal Manso quien les brindo informaci\u00f3n sobre como continua la investigacion.<br \/>\nCon el paso de las horas se pudieron saber detalles de lo ocurrido en la madrugada del domingo donde result\u00f3 herido Javier Vega, por parte de otro joven.<br \/>\nSostuvo que el reclamo tiene como objetivo \u201cque no le pase a nadie m\u00e1s\u201d y \u201cson muchos los chicos que salen y para que tengan un poco de seguridad\u201d.<br \/>\nEn tanto que cont\u00f3 c\u00f3mo fueron las horas posteriores al hecho, en la madrugada del domingo. Relat\u00f3 que quien hoy est\u00e1 pr\u00f3fugo, se encontraba en el nosocomio local. \u201cLo ten\u00edamos al lado, la Justicia act\u00faa lento\u201d y no se lo pudo aprehender en el momento porque no hab\u00eda \u201ctestigos contundente\u201d, asever\u00f3.<br \/>\n\u201cHablando con lo amigos, lo \u00fanico que hizo es bailar con la novia y el chico (el agresor), estaba en la barra, trabajaba en Krapson y los celos\u201d del agresor, motivaron lo ocurrido luego.<br \/>\nAdemas durante la marcha se acercaron los padres del agresor quienes hablaron con la madre de Vega y le aseguraron que por parte de ellos entregar\u00e1n a la justicia a su hijo, pero que hasta el momento no tienen idea de donde se encuentra su hijo.<\/p>\n<p>El local Krapson fue clausurado definitivamente<br \/>\nEl Secretario de Seguridad, Eduardo Roleri, asegur\u00f3 que cuentas con pruebas a trav\u00e9s de las filmaciones de las c\u00e1maras de seguridad, que fueron aportadas a la Justicia con las que cuestion\u00f3 fuertemente el accionar de los responsables y empleados del boliche:  \u201cLa medida de clausura no solo se debe al hecho en s\u00ed sino a la actitud y la conducta totalmente irresponsable de los propietarios del lugar y sus empleados, porque cuando el joven fue agredido dentro del local, en lugar de ayudarlo lo tiraron afuera\u201d.<br \/>\nY agreg\u00f3: \u201cLo vemos por c\u00e1mara que es ayudado por un amigo, que se fue caminando hasta la esquina y no lo auxiliaron en ning\u00fan momento. Es responsabilidad de ellos todo el p\u00fablico que est\u00e1 dentro del local\u201d.<br \/>\nAgrego que la clausura en este momento es provisoria pero conf\u00edan desde el municipio que sea definitiva, teniendo en cuenta que el lugar ya fue clausurado nueve veces en lo que va del a\u00f1o por diferentes motivos.<\/p>\n<p>El hecho<br \/>\nRecordemos que el incidente se produjo alrededor de las 5 hs de la ma\u00f1ana de este domingo, en el interior del local nocturno situado en Pellegrini al 800, Krapson. En medio de una ri\u00f1a, otro joven extrajo un arma blanca y le asest\u00f3 un puntazo en la zona del cuello que afect\u00f3 la arteria car\u00f3tida con \u201ccompromiso vascular\u201d. Inmediatamente, fue intervenido quir\u00fargicamente en el nosocomio local donde lograron estabilizarlo luego de dos d\u00edas el joven en la tarde de este martes logro abrir los ojos y respirar por sus propios medios.<\/p>\n<p><img decoding=\"async\" data-attachment-id=\"44271\" data-permalink=\"https:\/\/eldiariodesanpedro.com.ar\/sitio\/javier-vega-desperto-y-presenta-una-gran-mejora-luego-que-se-realizara-una-marcha-por-pedido-de-justicia\/pagina-3-173\/\" data-orig-file=\"https:\/\/eldiariodesanpedro.com.ar\/sitio\/wp-content\/uploads\/2018\/11\/PAGINA-3.jpeg\" data-orig-size=\"1280,622\" data-comments-opened=\"1\" data-image-meta=\"{&quot;aperture&quot;:&quot;0&quot;,&quot;credit&quot;:&quot;&quot;,&quot;camera&quot;:&quot;&quot;,&quot;caption&quot;:&quot;&quot;,&quot;created_timestamp&quot;:&quot;0&quot;,&quot;copyright&quot;:&quot;&quot;,&quot;focal_length&quot;:&quot;0&quot;,&quot;iso&quot;:&quot;0&quot;,&quot;shutter_speed&quot;:&quot;0&quot;,&quot;title&quot;:&quot;&quot;,&quot;orientation&quot;:&quot;0&quot;}\" data-image-title=\"PAGINA 3\" data-image-description=\"\" data-image-caption=\"\" data-large-file=\"https:\/\/eldiariodesanpedro.com.ar\/sitio\/wp-content\/uploads\/2018\/11\/PAGINA-3-1024x498.jpeg\" data-src=\"https:\/\/eldiariodesanpedro.com.ar\/sitio\/wp-content\/uploads\/2018\/11\/PAGINA-3-1024x498.jpeg\" alt=\"\" width=\"660\" height=\"321\" class=\"alignnone size-large wp-image-44271 lazyload\" data-srcset=\"https:\/\/eldiariodesanpedro.com.ar\/sitio\/wp-content\/uploads\/2018\/11\/PAGINA-3-1024x498.jpeg 1024w, https:\/\/eldiariodesanpedro.com.ar\/sitio\/wp-content\/uploads\/2018\/11\/PAGINA-3-300x146.jpeg 300w, https:\/\/eldiariodesanpedro.com.ar\/sitio\/wp-content\/uploads\/2018\/11\/PAGINA-3-768x373.jpeg 768w, https:\/\/eldiariodesanpedro.com.ar\/sitio\/wp-content\/uploads\/2018\/11\/PAGINA-3.jpeg 1280w\" data-sizes=\"(max-width: 660px) 100vw, 660px\" src=\"data:image\/svg+xml;base64,PHN2ZyB3aWR0aD0iMSIgaGVpZ2h0PSIxIiB4bWxucz0iaHR0cDovL3d3dy53My5vcmcvMjAwMC9zdmciPjwvc3ZnPg==\" style=\"--smush-placeholder-width: 660px; --smush-placeholder-aspect-ratio: 660\/321;\" \/><\/p>\n","protected":false},"excerpt":{"rendered":"<p>En horas de la tarde de este martes, luego de la marcha que familiares y amigos encabezaron para pedir justicia y seguridad en los locales nocturnos, el joven despert\u00f3 y los m\u00e9dicos decidieron extubarlo para que respire por sus propios medios, primer gran paso en el proceso de recuperaci\u00f3n tras la grave lesi\u00f3n que sufri\u00f3. [&hellip;]<\/p>\n","protected":false},"author":4,"featured_media":44272,"comment_status":"open","ping_status":"closed","sticky":false,"template":"","format":"standard","meta":{"om_disable_all_campaigns":false,"_jetpack_memberships_contains_paid_content":false,"footnotes":""},"categories":[50,101,2],"tags":[],"class_list":["post-44270","post","type-post","status-publish","format-standard","has-post-thumbnail","hentry","category-destacadas","category-interes-general-locales","category-locales"],"aioseo_notices":[],"gutentor_comment":0,"jetpack_featured_media_url":"https:\/\/eldiariodesanpedro.com.ar\/sitio\/wp-content\/uploads\/2018\/11\/TAPA.jpeg","jetpack_shortlink":"https:\/\/wp.me\/p6RhLt-bw2","jetpack_sharing_enabled":true,"_links":{"self":[{"href":"https:\/\/eldiariodesanpedro.com.ar\/sitio\/wp-json\/wp\/v2\/posts\/44270","targetHints":{"allow":["GET"]}}],"collection":[{"href":"https:\/\/eldiariodesanpedro.com.ar\/sitio\/wp-json\/wp\/v2\/posts"}],"about":[{"href":"https:\/\/eldiariodesanpedro.com.ar\/sitio\/wp-json\/wp\/v2\/types\/post"}],"author":[{"embeddable":true,"href":"https:\/\/eldiariodesanpedro.com.ar\/sitio\/wp-json\/wp\/v2\/users\/4"}],"replies":[{"embeddable":true,"href":"https:\/\/eldiariodesanpedro.com.ar\/sitio\/wp-json\/wp\/v2\/comments?post=44270"}],"version-history":[{"count":1,"href":"https:\/\/eldiariodesanpedro.com.ar\/sitio\/wp-json\/wp\/v2\/posts\/44270\/revisions"}],"predecessor-version":[{"id":44275,"href":"https:\/\/eldiariodesanpedro.com.ar\/sitio\/wp-json\/wp\/v2\/posts\/44270\/revisions\/44275"}],"wp:featuredmedia":[{"embeddable":true,"href":"https:\/\/eldiariodesanpedro.com.ar\/sitio\/wp-json\/wp\/v2\/media\/44272"}],"wp:attachment":[{"href":"https:\/\/eldiariodesanpedro.com.ar\/sitio\/wp-json\/wp\/v2\/media?parent=44270"}],"wp:term":[{"taxonomy":"category","embeddable":true,"href":"https:\/\/eldiariodesanpedro.com.ar\/sitio\/wp-json\/wp\/v2\/categories?post=44270"},{"taxonomy":"post_tag","embeddable":true,"href":"https:\/\/eldiariodesanpedro.com.ar\/sitio\/wp-json\/wp\/v2\/tags?post=44270"}],"curies":[{"name":"wp","href":"https:\/\/api.w.org\/{rel}","templated":true}]}}