{"id":44267,"date":"2018-11-27T18:27:42","date_gmt":"2018-11-27T21:27:42","guid":{"rendered":"https:\/\/eldiariodesanpedro.com.ar\/sitio\/?p=44267"},"modified":"2018-11-27T18:27:42","modified_gmt":"2018-11-27T21:27:42","slug":"se-confirmo-la-grilla-del-baradero-rock-2019-con-una-variedad-y-calidad-de-bandas-incalculable","status":"publish","type":"post","link":"https:\/\/eldiariodesanpedro.com.ar\/sitio\/se-confirmo-la-grilla-del-baradero-rock-2019-con-una-variedad-y-calidad-de-bandas-incalculable\/","title":{"rendered":"Se confirm\u00f3 la grilla del Baradero Rock 2019 con una variedad y calidad de bandas incalculable"},"content":{"rendered":"<p><!-- VideographyWP Plugin Message: Automatic video embedding prevented by plugin options. --><br \/>\nComo todos los a\u00f1os, este festival se gan\u00f3 el coraz\u00f3n, no solo de los porte\u00f1os y bonaerenses, sino de gente que llega de varios puntos del pa\u00eds. Este martes se confirm\u00f3 una grilla cargadita, con de todo, y con bandas estelares como La Beriso, Kapanga, Babas\u00f3nicos, Attaque, Guasones y muchos, pero muchos m\u00e1s. <\/p>\n<p>\u00abLa ceremonia del verano\u00bb, le dice, y no es para menos. Todos los marzos el Rock en Baradero nos ofrece jornadas a pura m\u00fasica, con bandas de todos los estilos, tanto en ascenso como consagradas, en un mismo lugar. <\/p>\n<p>Qu\u00e9 mejor que el Anfiteatro Municipal Pedro Carossi de Baradero, un lugar adem\u00e1s muy lindo para compartir con la familia un fin de semana a pura m\u00fasica. <\/p>\n<p>A pesar que el festival abre con una banda sorpresa, que ser\u00e1 confirmada en los pr\u00f3ximos d\u00edas, ya tenemos la grilla completa del Baradero, y no deja nada que desear. <\/p>\n<p>As\u00ed van a estar distribuidos los tres d\u00edas del festival: <\/p>\n<p>#Dia1: S\u00e1bado 2 de Marzo CHINI AND THE TECHNICIANS (CL) PARIENTES NENE ALMIBAR MILITANTES DEL CLIMAX ONCE TIROS (UY) JOVENES PORDIOSEROS EL PLAN DE LA MARIPOSA CRUZANDO EL CHARCO PIER TURF NONPALIDECE LOS GARDELITOS GUASONES *ARTISTA SORPRESA*<\/p>\n<p>#Dia2: Domingo 3 de Marzo CHITA HIPN\u00d3TICA TRES DE CORAZ\u00d3N (COL) PECES RAROS EL ZAR JUAN INGARAMO LOUTA LO\u00b4PIBITOS MARILINA BERTOLDI INDIOS BANDALOS CHINOS USTED SE\u00d1ALEMELO AIRBAG ATTAQUE 77 BABASONICOS<\/p>\n<p>#Dia3: Lunes 4 de Marzo LUCEROS EL OJO DALTONICO LITERAL TERAPIA VICKY BERNARDI INSOBRIO SIRIO REVANCHISTAS JOSEFITA COVERHEADS OCTAFONIC LA DELIO VALDEZ COTI ERUCA SATIVA EL KUELGUE LOS PERICOS ESTELARES KAPANGA LA BERISO<\/p>\n<p><img decoding=\"async\" data-attachment-id=\"44268\" data-permalink=\"https:\/\/eldiariodesanpedro.com.ar\/sitio\/se-confirmo-la-grilla-del-baradero-rock-2019-con-una-variedad-y-calidad-de-bandas-incalculable\/attachment\/4710\/\" data-orig-file=\"https:\/\/eldiariodesanpedro.com.ar\/sitio\/wp-content\/uploads\/2018\/11\/4710.jpg\" data-orig-size=\"700,700\" data-comments-opened=\"1\" data-image-meta=\"{&quot;aperture&quot;:&quot;0&quot;,&quot;credit&quot;:&quot;&quot;,&quot;camera&quot;:&quot;&quot;,&quot;caption&quot;:&quot;&quot;,&quot;created_timestamp&quot;:&quot;0&quot;,&quot;copyright&quot;:&quot;&quot;,&quot;focal_length&quot;:&quot;0&quot;,&quot;iso&quot;:&quot;0&quot;,&quot;shutter_speed&quot;:&quot;0&quot;,&quot;title&quot;:&quot;&quot;,&quot;orientation&quot;:&quot;0&quot;}\" data-image-title=\"4710\" data-image-description=\"\" data-image-caption=\"\" data-large-file=\"https:\/\/eldiariodesanpedro.com.ar\/sitio\/wp-content\/uploads\/2018\/11\/4710.jpg\" data-src=\"https:\/\/eldiariodesanpedro.com.ar\/sitio\/wp-content\/uploads\/2018\/11\/4710.jpg\" alt=\"\" width=\"700\" height=\"700\" class=\"alignnone size-full wp-image-44268 lazyload\" data-srcset=\"https:\/\/eldiariodesanpedro.com.ar\/sitio\/wp-content\/uploads\/2018\/11\/4710.jpg 700w, https:\/\/eldiariodesanpedro.com.ar\/sitio\/wp-content\/uploads\/2018\/11\/4710-150x150.jpg 150w, https:\/\/eldiariodesanpedro.com.ar\/sitio\/wp-content\/uploads\/2018\/11\/4710-300x300.jpg 300w\" data-sizes=\"(max-width: 700px) 100vw, 700px\" src=\"data:image\/svg+xml;base64,PHN2ZyB3aWR0aD0iMSIgaGVpZ2h0PSIxIiB4bWxucz0iaHR0cDovL3d3dy53My5vcmcvMjAwMC9zdmciPjwvc3ZnPg==\" style=\"--smush-placeholder-width: 700px; --smush-placeholder-aspect-ratio: 700\/700;\" \/><\/p>\n","protected":false},"excerpt":{"rendered":"<p>Como todos los a\u00f1os, este festival se gan\u00f3 el coraz\u00f3n, no solo de los porte\u00f1os y bonaerenses, sino de gente que llega de varios puntos del pa\u00eds. Este martes se confirm\u00f3 una grilla cargadita, con de todo, y con bandas estelares como La Beriso, Kapanga, Babas\u00f3nicos, Attaque, Guasones y muchos, pero muchos m\u00e1s. \u00abLa ceremonia [&hellip;]<\/p>\n","protected":false},"author":4,"featured_media":44268,"comment_status":"open","ping_status":"closed","sticky":false,"template":"","format":"standard","meta":{"om_disable_all_campaigns":false,"_jetpack_memberships_contains_paid_content":false,"footnotes":""},"categories":[101,2],"tags":[],"class_list":["post-44267","post","type-post","status-publish","format-standard","has-post-thumbnail","hentry","category-interes-general-locales","category-locales"],"aioseo_notices":[],"gutentor_comment":0,"jetpack_featured_media_url":"https:\/\/eldiariodesanpedro.com.ar\/sitio\/wp-content\/uploads\/2018\/11\/4710.jpg","jetpack_shortlink":"https:\/\/wp.me\/p6RhLt-bvZ","jetpack_sharing_enabled":true,"_links":{"self":[{"href":"https:\/\/eldiariodesanpedro.com.ar\/sitio\/wp-json\/wp\/v2\/posts\/44267","targetHints":{"allow":["GET"]}}],"collection":[{"href":"https:\/\/eldiariodesanpedro.com.ar\/sitio\/wp-json\/wp\/v2\/posts"}],"about":[{"href":"https:\/\/eldiariodesanpedro.com.ar\/sitio\/wp-json\/wp\/v2\/types\/post"}],"author":[{"embeddable":true,"href":"https:\/\/eldiariodesanpedro.com.ar\/sitio\/wp-json\/wp\/v2\/users\/4"}],"replies":[{"embeddable":true,"href":"https:\/\/eldiariodesanpedro.com.ar\/sitio\/wp-json\/wp\/v2\/comments?post=44267"}],"version-history":[{"count":1,"href":"https:\/\/eldiariodesanpedro.com.ar\/sitio\/wp-json\/wp\/v2\/posts\/44267\/revisions"}],"predecessor-version":[{"id":44269,"href":"https:\/\/eldiariodesanpedro.com.ar\/sitio\/wp-json\/wp\/v2\/posts\/44267\/revisions\/44269"}],"wp:featuredmedia":[{"embeddable":true,"href":"https:\/\/eldiariodesanpedro.com.ar\/sitio\/wp-json\/wp\/v2\/media\/44268"}],"wp:attachment":[{"href":"https:\/\/eldiariodesanpedro.com.ar\/sitio\/wp-json\/wp\/v2\/media?parent=44267"}],"wp:term":[{"taxonomy":"category","embeddable":true,"href":"https:\/\/eldiariodesanpedro.com.ar\/sitio\/wp-json\/wp\/v2\/categories?post=44267"},{"taxonomy":"post_tag","embeddable":true,"href":"https:\/\/eldiariodesanpedro.com.ar\/sitio\/wp-json\/wp\/v2\/tags?post=44267"}],"curies":[{"name":"wp","href":"https:\/\/api.w.org\/{rel}","templated":true}]}}