{"id":44258,"date":"2018-11-27T09:24:02","date_gmt":"2018-11-27T12:24:02","guid":{"rendered":"https:\/\/eldiariodesanpedro.com.ar\/sitio\/?p=44258"},"modified":"2018-11-27T09:24:02","modified_gmt":"2018-11-27T12:24:02","slug":"un-hecho-de-tentativa-de-robo-amenazas-y-pedido-de-captura-activo-en-el-parte-policial","status":"publish","type":"post","link":"https:\/\/eldiariodesanpedro.com.ar\/sitio\/un-hecho-de-tentativa-de-robo-amenazas-y-pedido-de-captura-activo-en-el-parte-policial\/","title":{"rendered":"Un hecho de tentativa de robo, amenazas y pedido de captura activo en el parte policial"},"content":{"rendered":"<p><!-- VideographyWP Plugin Message: Automatic video embedding prevented by plugin options. --><br \/>\nTres denuncias radicadas en la dependencia local figuran en el parte policial del d\u00eda de hoy. Un hecho por tentativa de robo en una estancia, un aprehendido por presentar pedido de captura activa y una mujer de nacionalidad paraguaya amenazada de muerte.<\/p>\n<p>El primero cuenta que en la localidad vecina de Santa Lucia un vecino alerto al personal del destacamento al constatar que a cercan\u00edas del basural del pueblo Doyle, estaban los tejidos da\u00f1ados de una finca que a pocos metros del camino lateral, se encontraba un Tractor de corta c\u00e9sped, preparado para ser sustra\u00eddo por delincuentes sin lograrse cometido.<\/p>\n<p>Cerca del mediod\u00eda en nuestra ciudad a ra\u00edz de un operativo se procedi\u00f3 en calle Jos\u00e9 Hern\u00e1ndez y Libertad la detenci\u00f3n de un hombre de 41 a\u00f1os de edad, quien registra dos pedidos de Captura Activo, por el delito de Robo Calificado, de fecha 24 de abril del 2008, solicitado por la Fiscal\u00eda N\u00ba 3 y Juzgado de Garant\u00edas N\u00ba1 de San Nicol\u00e1s.<\/p>\n<p>Tambi\u00e9n una ciudadana de nacionalidad Paraguaya que dice situarse en una vivienda ubicada sobre calle Simonino al 400, refiere que su vecina la agredi\u00f3 verbalmente y la amenazo en horas de la madrugada por problemas de larga data.<\/p>\n","protected":false},"excerpt":{"rendered":"<p>Tres denuncias radicadas en la dependencia local figuran en el parte policial del d\u00eda de hoy. Un hecho por tentativa de robo en una estancia, un aprehendido por presentar pedido de captura activa y una mujer de nacionalidad paraguaya amenazada de muerte. El primero cuenta que en la localidad vecina de Santa Lucia un vecino [&hellip;]<\/p>\n","protected":false},"author":4,"featured_media":13372,"comment_status":"open","ping_status":"closed","sticky":false,"template":"","format":"standard","meta":{"om_disable_all_campaigns":false,"_jetpack_memberships_contains_paid_content":false,"footnotes":""},"categories":[2,103],"tags":[],"class_list":["post-44258","post","type-post","status-publish","format-standard","has-post-thumbnail","hentry","category-locales","category-policiales-locales"],"aioseo_notices":[],"gutentor_comment":0,"jetpack_featured_media_url":"https:\/\/eldiariodesanpedro.com.ar\/sitio\/wp-content\/uploads\/2017\/01\/Patrulla-4-e1485286120389.jpg","jetpack_shortlink":"https:\/\/wp.me\/p6RhLt-bvQ","jetpack_sharing_enabled":true,"_links":{"self":[{"href":"https:\/\/eldiariodesanpedro.com.ar\/sitio\/wp-json\/wp\/v2\/posts\/44258","targetHints":{"allow":["GET"]}}],"collection":[{"href":"https:\/\/eldiariodesanpedro.com.ar\/sitio\/wp-json\/wp\/v2\/posts"}],"about":[{"href":"https:\/\/eldiariodesanpedro.com.ar\/sitio\/wp-json\/wp\/v2\/types\/post"}],"author":[{"embeddable":true,"href":"https:\/\/eldiariodesanpedro.com.ar\/sitio\/wp-json\/wp\/v2\/users\/4"}],"replies":[{"embeddable":true,"href":"https:\/\/eldiariodesanpedro.com.ar\/sitio\/wp-json\/wp\/v2\/comments?post=44258"}],"version-history":[{"count":1,"href":"https:\/\/eldiariodesanpedro.com.ar\/sitio\/wp-json\/wp\/v2\/posts\/44258\/revisions"}],"predecessor-version":[{"id":44260,"href":"https:\/\/eldiariodesanpedro.com.ar\/sitio\/wp-json\/wp\/v2\/posts\/44258\/revisions\/44260"}],"wp:featuredmedia":[{"embeddable":true,"href":"https:\/\/eldiariodesanpedro.com.ar\/sitio\/wp-json\/wp\/v2\/media\/13372"}],"wp:attachment":[{"href":"https:\/\/eldiariodesanpedro.com.ar\/sitio\/wp-json\/wp\/v2\/media?parent=44258"}],"wp:term":[{"taxonomy":"category","embeddable":true,"href":"https:\/\/eldiariodesanpedro.com.ar\/sitio\/wp-json\/wp\/v2\/categories?post=44258"},{"taxonomy":"post_tag","embeddable":true,"href":"https:\/\/eldiariodesanpedro.com.ar\/sitio\/wp-json\/wp\/v2\/tags?post=44258"}],"curies":[{"name":"wp","href":"https:\/\/api.w.org\/{rel}","templated":true}]}}