{"id":44255,"date":"2018-11-27T08:59:30","date_gmt":"2018-11-27T11:59:30","guid":{"rendered":"https:\/\/eldiariodesanpedro.com.ar\/sitio\/?p=44255"},"modified":"2018-11-27T08:59:30","modified_gmt":"2018-11-27T11:59:30","slug":"marcha-a-pedido-de-justicia-por-javier-vega","status":"publish","type":"post","link":"https:\/\/eldiariodesanpedro.com.ar\/sitio\/marcha-a-pedido-de-justicia-por-javier-vega\/","title":{"rendered":"Marcha a pedido de justicia por Javier Vega"},"content":{"rendered":"<p><!-- VideographyWP Plugin Message: Automatic video embedding prevented by plugin options. --><br \/>\nComenzara hoy a las 11 de la ma\u00f1ana, desde la comisaria local hasta la fiscalia. El objetivo sera reclamo de que la causa judicial avance.<\/p>\n<p>Familiares y amigos se autoconvocaron  para hoy  a las 11hs a una manifestaci\u00f3n que inicia en las puertas de la comisaria y continuara hasta la fiscalia exigiendo justicia por Javier Vega.<\/p>\n<p>Recordemos que en entrevista con su mam\u00e1 nos cont\u00f3 que el \u00fanico imputado en la causa estuvo sentado al lado de ella en el momento que esperaban hablar con el doctor; fue se\u00f1alado por uno de sus amigos que lo llevo a la guardia a Vega y la polic\u00eda no pudo lograr su detenci\u00f3n en ese momento por no tener pruebas fehaciente del hecho.<\/p>\n<p>La causa hoy a cargo del Dr Marcelo Manso de la Fiscalia N\u00ba5, est\u00e1 caratulada como \u00abhomicidio en grado de tentativa\u00bb y ya se dict\u00f3 la orden de detenci\u00f3n para el imputado luego de reunir varios testimonios que afirmaban su nombre. <\/p>\n<p>Recordemos que el incidente se produjo  alrededor de las 5.00 de la ma\u00f1ana de este domingo, en el interior del local nocturno situado en Pellegrini al 800, Krapson. En medio de una ri\u00f1a, otro joven extrajo un arma blanca y le asest\u00f3 un puntazo en la zona del cuello que afect\u00f3 la arteria car\u00f3tida con \u00abcompromiso vascular\u00bb. Inmediatamente, fue intervenido quir\u00fargicamente en el nosocomio local donde lograron estabilizarlo aunque su estado sigue siendo \u00abcr\u00edtico\u00bb.<\/p>\n<p>Javier continua en estado critico internado en terapia intensiva, por ahora continua estable<\/p>\n","protected":false},"excerpt":{"rendered":"<p>Comenzara hoy a las 11 de la ma\u00f1ana, desde la comisaria local hasta la fiscalia. El objetivo sera reclamo de que la causa judicial avance. Familiares y amigos se autoconvocaron para hoy a las 11hs a una manifestaci\u00f3n que inicia en las puertas de la comisaria y continuara hasta la fiscalia exigiendo justicia por Javier [&hellip;]<\/p>\n","protected":false},"author":4,"featured_media":44256,"comment_status":"open","ping_status":"closed","sticky":false,"template":"","format":"standard","meta":{"om_disable_all_campaigns":false,"_jetpack_memberships_contains_paid_content":false,"footnotes":""},"categories":[50,2,103],"tags":[],"class_list":["post-44255","post","type-post","status-publish","format-standard","has-post-thumbnail","hentry","category-destacadas","category-locales","category-policiales-locales"],"aioseo_notices":[],"gutentor_comment":0,"jetpack_featured_media_url":"https:\/\/eldiariodesanpedro.com.ar\/sitio\/wp-content\/uploads\/2018\/11\/46879921_2019545948124037_7575116021334278144_n.jpg","jetpack_shortlink":"https:\/\/wp.me\/p6RhLt-bvN","jetpack_sharing_enabled":true,"_links":{"self":[{"href":"https:\/\/eldiariodesanpedro.com.ar\/sitio\/wp-json\/wp\/v2\/posts\/44255","targetHints":{"allow":["GET"]}}],"collection":[{"href":"https:\/\/eldiariodesanpedro.com.ar\/sitio\/wp-json\/wp\/v2\/posts"}],"about":[{"href":"https:\/\/eldiariodesanpedro.com.ar\/sitio\/wp-json\/wp\/v2\/types\/post"}],"author":[{"embeddable":true,"href":"https:\/\/eldiariodesanpedro.com.ar\/sitio\/wp-json\/wp\/v2\/users\/4"}],"replies":[{"embeddable":true,"href":"https:\/\/eldiariodesanpedro.com.ar\/sitio\/wp-json\/wp\/v2\/comments?post=44255"}],"version-history":[{"count":1,"href":"https:\/\/eldiariodesanpedro.com.ar\/sitio\/wp-json\/wp\/v2\/posts\/44255\/revisions"}],"predecessor-version":[{"id":44257,"href":"https:\/\/eldiariodesanpedro.com.ar\/sitio\/wp-json\/wp\/v2\/posts\/44255\/revisions\/44257"}],"wp:featuredmedia":[{"embeddable":true,"href":"https:\/\/eldiariodesanpedro.com.ar\/sitio\/wp-json\/wp\/v2\/media\/44256"}],"wp:attachment":[{"href":"https:\/\/eldiariodesanpedro.com.ar\/sitio\/wp-json\/wp\/v2\/media?parent=44255"}],"wp:term":[{"taxonomy":"category","embeddable":true,"href":"https:\/\/eldiariodesanpedro.com.ar\/sitio\/wp-json\/wp\/v2\/categories?post=44255"},{"taxonomy":"post_tag","embeddable":true,"href":"https:\/\/eldiariodesanpedro.com.ar\/sitio\/wp-json\/wp\/v2\/tags?post=44255"}],"curies":[{"name":"wp","href":"https:\/\/api.w.org\/{rel}","templated":true}]}}