{"id":44252,"date":"2018-11-26T21:35:22","date_gmt":"2018-11-27T00:35:22","guid":{"rendered":"https:\/\/eldiariodesanpedro.com.ar\/sitio\/?p=44252"},"modified":"2018-11-26T21:35:22","modified_gmt":"2018-11-27T00:35:22","slug":"lorena-en-la-guardia-del-hospital-tenia-al-lado-la-persona-que-casi-mato-a-mi-hijo","status":"publish","type":"post","link":"https:\/\/eldiariodesanpedro.com.ar\/sitio\/lorena-en-la-guardia-del-hospital-tenia-al-lado-la-persona-que-casi-mato-a-mi-hijo\/","title":{"rendered":"Lorena: \u00abEn la guardia del hospital, tenia al lado la persona que casi mato a mi hijo\u00bb"},"content":{"rendered":"<p><!-- VideographyWP Plugin Message: Automatic video embedding prevented by plugin options. --><br \/>\nEn la tarde noche del lunes, luego de haber transcendido nuevos avances en el caso de Javier Vega, el chico de 22 a\u00f1os apu\u00f1alado en la garganta en la madrugada del domingo, su mama pudo hablar con nuestro medio.<\/p>\n<p>En la entrevista Lorena estaba acompa\u00f1ada de sus familiares en el Hospital:<\/p>\n<p>Primeramente nos cont\u00f3 como sigue Javier que durante el lunes le realizaron varios estudios con resultado favorable y que sieguen a la espera de su evoluci\u00f3n, luego expreso:<\/p>\n<p>\u00abNos enteramos por un amigo de mi marido que se encontraba en el mismo boliche que Javi, nos cont\u00f3 lo que paso y llegamos r\u00e1pidamente a la guardia; mi hijo ya estaba adentro y no me dejaban pasar, nos quedamos afuera esperando\u00bb<\/p>\n<p>\u00abEn ese momento ingresa otro chico, caminando, lo notamos nervioso y que miraba para todos lados, estaba lleno de sangre y acompa\u00f1aba a una chica que la hab\u00edan agredido, aparentemente en un robo, bueno uno de los amigos de Javi que estaba con nosotros lo reconoce y le dice, \u00abvos fuiste\u00bb &#8230; el chico neg\u00f3 todo, se puso loco y nos sacaron a nosotros para afuera hasta que nos dijeron el estado de Javier\u00bb<\/p>\n<p>\u00abLa polic\u00eda nunca lo detuvo, ni le pregunto de donde venia, el estaba lleno de sangre y lo dejaron ah\u00ed, parec\u00edamos nosotros los culpables, ten\u00edan miedo que le hagamos algo, que le vamos hacer, si est\u00e1bamos llorando por mi hijo\u00bb<\/p>\n<p>Tambi\u00e9n le preguntamos que novedades y que avances hab\u00eda en la causa que lleva adelante el Dr Manso:<\/p>\n<p>\u00abEn la fiscalia nos pidieron que por favor si alguien vio algo, si alguien sabe algo que se acerquen, que pidan hablar con Agust\u00edn Mori de la Fiscaliza N\u00ba5, la denuncia ya esta, esta todo hecho, faltan mas testimonio que afirmen y que ahora nos ayuden a encontrarlo, porque esta persona ahora se fue, no la encuentran\u00bb<\/p>\n<p>\u00abEste martes a las 11 realizaremos una marcha a pedido de justicia por Javier, nos juntamos en la comisaria para dirigirnos luego a la fiscalia\u00bb<\/p>\n<p>Por ultimo nos cont\u00f3 como es Javier y que nunca se espero esto de el:<\/p>\n<p>\u00abMi hijo es tranquilo, no se mete con nadie, es re amiguero, le gustaba salir y andar en moto, de los 6 a\u00f1os que es fan\u00e1tico de las motos, nunca nos esperamos esto !!! conmigo no tiene secretos, nunca me hablo de una supuesta chica, pero bueno hasta que el no se despierte &#8230; \u00bb<\/p>\n","protected":false},"excerpt":{"rendered":"<p>En la tarde noche del lunes, luego de haber transcendido nuevos avances en el caso de Javier Vega, el chico de 22 a\u00f1os apu\u00f1alado en la garganta en la madrugada del domingo, su mama pudo hablar con nuestro medio. En la entrevista Lorena estaba acompa\u00f1ada de sus familiares en el Hospital: Primeramente nos cont\u00f3 como [&hellip;]<\/p>\n","protected":false},"author":4,"featured_media":44253,"comment_status":"open","ping_status":"closed","sticky":false,"template":"","format":"standard","meta":{"om_disable_all_campaigns":false,"_jetpack_memberships_contains_paid_content":false,"footnotes":""},"categories":[50,2,103],"tags":[],"class_list":["post-44252","post","type-post","status-publish","format-standard","has-post-thumbnail","hentry","category-destacadas","category-locales","category-policiales-locales"],"aioseo_notices":[],"gutentor_comment":0,"jetpack_featured_media_url":"https:\/\/eldiariodesanpedro.com.ar\/sitio\/wp-content\/uploads\/2018\/11\/41971039_620375781690243_5575609991139688448_n.jpg","jetpack_shortlink":"https:\/\/wp.me\/p6RhLt-bvK","jetpack_sharing_enabled":true,"_links":{"self":[{"href":"https:\/\/eldiariodesanpedro.com.ar\/sitio\/wp-json\/wp\/v2\/posts\/44252","targetHints":{"allow":["GET"]}}],"collection":[{"href":"https:\/\/eldiariodesanpedro.com.ar\/sitio\/wp-json\/wp\/v2\/posts"}],"about":[{"href":"https:\/\/eldiariodesanpedro.com.ar\/sitio\/wp-json\/wp\/v2\/types\/post"}],"author":[{"embeddable":true,"href":"https:\/\/eldiariodesanpedro.com.ar\/sitio\/wp-json\/wp\/v2\/users\/4"}],"replies":[{"embeddable":true,"href":"https:\/\/eldiariodesanpedro.com.ar\/sitio\/wp-json\/wp\/v2\/comments?post=44252"}],"version-history":[{"count":1,"href":"https:\/\/eldiariodesanpedro.com.ar\/sitio\/wp-json\/wp\/v2\/posts\/44252\/revisions"}],"predecessor-version":[{"id":44254,"href":"https:\/\/eldiariodesanpedro.com.ar\/sitio\/wp-json\/wp\/v2\/posts\/44252\/revisions\/44254"}],"wp:featuredmedia":[{"embeddable":true,"href":"https:\/\/eldiariodesanpedro.com.ar\/sitio\/wp-json\/wp\/v2\/media\/44253"}],"wp:attachment":[{"href":"https:\/\/eldiariodesanpedro.com.ar\/sitio\/wp-json\/wp\/v2\/media?parent=44252"}],"wp:term":[{"taxonomy":"category","embeddable":true,"href":"https:\/\/eldiariodesanpedro.com.ar\/sitio\/wp-json\/wp\/v2\/categories?post=44252"},{"taxonomy":"post_tag","embeddable":true,"href":"https:\/\/eldiariodesanpedro.com.ar\/sitio\/wp-json\/wp\/v2\/tags?post=44252"}],"curies":[{"name":"wp","href":"https:\/\/api.w.org\/{rel}","templated":true}]}}