{"id":44243,"date":"2018-11-26T20:28:15","date_gmt":"2018-11-26T23:28:15","guid":{"rendered":"https:\/\/eldiariodesanpedro.com.ar\/sitio\/?p=44243"},"modified":"2026-01-24T00:08:54","modified_gmt":"2026-01-24T03:08:54","slug":"futbol-infantil-parana-en-dos-categorias-agricultores-y-el-porvenir-los-campeones","status":"publish","type":"post","link":"https:\/\/eldiariodesanpedro.com.ar\/sitio\/futbol-infantil-parana-en-dos-categorias-agricultores-y-el-porvenir-los-campeones\/","title":{"rendered":"F\u00daTBOL INFANTIL: Paran\u00e1 en dos categor\u00edas, Agricultores y El porvenir los campeones"},"content":{"rendered":"<p><!-- VideographyWP Plugin Message: Automatic video embedding prevented by plugin options. --><br \/>\n  En la cancha del Club Mitre y obligados por el cambio de d\u00eda de la final de la Libertadores (que finalmente no se jug\u00f3), la Liga Infantil hizo disputar los partidos de las categor\u00edas 2009 a 2006 para definir el Torneo Clausura en las primeras horas de la tarde. Paran\u00e1 logr\u00f3 coronarse en dos divisiones, las 2006 y 2009, luego de superar a Gral. San Mart\u00edn y Mitre, respectivamente. Agricultores lo hizo en 2008 al derrotar a El Porvenir. En 2007 fue El Porvenir quien le gan\u00f3 a Mitre. Much\u00edsimo p\u00fablico sigui\u00f3 los cotejos desde el mediod\u00eda.<\/p>\n<p><strong>Resultados<\/strong><br \/>\n  En 2006 el triunfo de Paran\u00e1 ante Gral. San Mart\u00edn fue por 4 a 1; luego en el orden de juego fue la victoria de Paran\u00e1 en 2009 ante Mitre por 1 a 0 en un cotejo muy parejo; festej\u00f3 Agricultores Club de Gobernador Castro en 2008 al vencer a el Porvenir por 1 a 0 y finalmente en 2007 El Porvenir lo hizo sobre Mitre al ganar 1 a 0.<\/p>\n","protected":false},"excerpt":{"rendered":"<p>En la cancha del Club Mitre y obligados por el cambio de d\u00eda de la final de la Libertadores (que finalmente no se jug\u00f3), la Liga Infantil hizo disputar los partidos de las categor\u00edas 2009 a 2006 para definir el Torneo Clausura en las primeras horas de la tarde. Paran\u00e1 logr\u00f3 coronarse en dos divisiones, [&hellip;]<\/p>\n","protected":false},"author":4,"featured_media":44245,"comment_status":"open","ping_status":"closed","sticky":false,"template":"","format":"standard","meta":{"om_disable_all_campaigns":false,"_jetpack_memberships_contains_paid_content":false,"footnotes":""},"categories":[5],"tags":[],"class_list":["post-44243","post","type-post","status-publish","format-standard","has-post-thumbnail","hentry","category-deportes"],"aioseo_notices":[],"gutentor_comment":0,"jetpack_featured_media_url":"https:\/\/eldiariodesanpedro.com.ar\/sitio\/wp-content\/uploads\/2018\/11\/foto-2-agricultores.jpg","jetpack_shortlink":"https:\/\/wp.me\/p6RhLt-bvB","jetpack_sharing_enabled":true,"_links":{"self":[{"href":"https:\/\/eldiariodesanpedro.com.ar\/sitio\/wp-json\/wp\/v2\/posts\/44243","targetHints":{"allow":["GET"]}}],"collection":[{"href":"https:\/\/eldiariodesanpedro.com.ar\/sitio\/wp-json\/wp\/v2\/posts"}],"about":[{"href":"https:\/\/eldiariodesanpedro.com.ar\/sitio\/wp-json\/wp\/v2\/types\/post"}],"author":[{"embeddable":true,"href":"https:\/\/eldiariodesanpedro.com.ar\/sitio\/wp-json\/wp\/v2\/users\/4"}],"replies":[{"embeddable":true,"href":"https:\/\/eldiariodesanpedro.com.ar\/sitio\/wp-json\/wp\/v2\/comments?post=44243"}],"version-history":[{"count":1,"href":"https:\/\/eldiariodesanpedro.com.ar\/sitio\/wp-json\/wp\/v2\/posts\/44243\/revisions"}],"predecessor-version":[{"id":44250,"href":"https:\/\/eldiariodesanpedro.com.ar\/sitio\/wp-json\/wp\/v2\/posts\/44243\/revisions\/44250"}],"wp:featuredmedia":[{"embeddable":true,"href":"https:\/\/eldiariodesanpedro.com.ar\/sitio\/wp-json\/wp\/v2\/media\/44245"}],"wp:attachment":[{"href":"https:\/\/eldiariodesanpedro.com.ar\/sitio\/wp-json\/wp\/v2\/media?parent=44243"}],"wp:term":[{"taxonomy":"category","embeddable":true,"href":"https:\/\/eldiariodesanpedro.com.ar\/sitio\/wp-json\/wp\/v2\/categories?post=44243"},{"taxonomy":"post_tag","embeddable":true,"href":"https:\/\/eldiariodesanpedro.com.ar\/sitio\/wp-json\/wp\/v2\/tags?post=44243"}],"curies":[{"name":"wp","href":"https:\/\/api.w.org\/{rel}","templated":true}]}}