{"id":44234,"date":"2018-11-26T18:30:26","date_gmt":"2018-11-26T21:30:26","guid":{"rendered":"https:\/\/eldiariodesanpedro.com.ar\/sitio\/?p=44234"},"modified":"2018-11-26T18:30:26","modified_gmt":"2018-11-26T21:30:26","slug":"baradero-diego-amartino-brindo-una-clase-abierta-para-ensenar-el-postre-baraderense","status":"publish","type":"post","link":"https:\/\/eldiariodesanpedro.com.ar\/sitio\/baradero-diego-amartino-brindo-una-clase-abierta-para-ensenar-el-postre-baraderense\/","title":{"rendered":"BARADERO: Diego Amartino brind\u00f3 una clase abierta para ense\u00f1ar el postre baraderense"},"content":{"rendered":"<p><!-- VideographyWP Plugin Message: Automatic video embedding prevented by plugin options. --><br \/>\nEl postre es el Pan de Ar\u00e1ndanos y Nueces Pec\u00e1n, creado por el joven Diego Amartino, que se encarg\u00f3 de ense\u00f1ar paso por paso la receta del dulce.<br \/>\nEn la Casa de la Mujer se llev\u00f3 adelante una clase abierta y gratuita para todas las vecinas y los vecinos de la ciudad, que se interesaron en aprender a realizar el exquisito postre caracter\u00edstico de la ciudad, que ha logrado consagrarse en el Concurso Dulce Baradero que se llev\u00f3 adelante el a\u00f1o pasado, con la organizaci\u00f3n del municipio y de Baradero Emprende, grupo formado por prestadores tur\u00edsticos de la ciudad.<\/p>\n<p>El postre es el Pan de Ar\u00e1ndanos y Nueces Pec\u00e1n, creado por el joven Diego Amartino, que se encarg\u00f3 de ense\u00f1ar paso por paso la receta del dulce.<\/p>\n<p>La clase abierta estuvo enmarcada en la gran cantidad de propuestas que ofrece la Casa de la Mujer gratuitamente.<\/p>\n<p>Fuente: Baradero Te Informa<\/p>\n","protected":false},"excerpt":{"rendered":"<p>El postre es el Pan de Ar\u00e1ndanos y Nueces Pec\u00e1n, creado por el joven Diego Amartino, que se encarg\u00f3 de ense\u00f1ar paso por paso la receta del dulce. En la Casa de la Mujer se llev\u00f3 adelante una clase abierta y gratuita para todas las vecinas y los vecinos de la ciudad, que se interesaron [&hellip;]<\/p>\n","protected":false},"author":4,"featured_media":44235,"comment_status":"open","ping_status":"closed","sticky":false,"template":"","format":"standard","meta":{"om_disable_all_campaigns":false,"_jetpack_memberships_contains_paid_content":false,"footnotes":""},"categories":[621],"tags":[],"class_list":["post-44234","post","type-post","status-publish","format-standard","has-post-thumbnail","hentry","category-regionales"],"aioseo_notices":[],"gutentor_comment":0,"jetpack_featured_media_url":"https:\/\/eldiariodesanpedro.com.ar\/sitio\/wp-content\/uploads\/2018\/11\/claseabierta-pandearandanos-6.jpg","jetpack_shortlink":"https:\/\/wp.me\/p6RhLt-bvs","jetpack_sharing_enabled":true,"_links":{"self":[{"href":"https:\/\/eldiariodesanpedro.com.ar\/sitio\/wp-json\/wp\/v2\/posts\/44234","targetHints":{"allow":["GET"]}}],"collection":[{"href":"https:\/\/eldiariodesanpedro.com.ar\/sitio\/wp-json\/wp\/v2\/posts"}],"about":[{"href":"https:\/\/eldiariodesanpedro.com.ar\/sitio\/wp-json\/wp\/v2\/types\/post"}],"author":[{"embeddable":true,"href":"https:\/\/eldiariodesanpedro.com.ar\/sitio\/wp-json\/wp\/v2\/users\/4"}],"replies":[{"embeddable":true,"href":"https:\/\/eldiariodesanpedro.com.ar\/sitio\/wp-json\/wp\/v2\/comments?post=44234"}],"version-history":[{"count":1,"href":"https:\/\/eldiariodesanpedro.com.ar\/sitio\/wp-json\/wp\/v2\/posts\/44234\/revisions"}],"predecessor-version":[{"id":44236,"href":"https:\/\/eldiariodesanpedro.com.ar\/sitio\/wp-json\/wp\/v2\/posts\/44234\/revisions\/44236"}],"wp:featuredmedia":[{"embeddable":true,"href":"https:\/\/eldiariodesanpedro.com.ar\/sitio\/wp-json\/wp\/v2\/media\/44235"}],"wp:attachment":[{"href":"https:\/\/eldiariodesanpedro.com.ar\/sitio\/wp-json\/wp\/v2\/media?parent=44234"}],"wp:term":[{"taxonomy":"category","embeddable":true,"href":"https:\/\/eldiariodesanpedro.com.ar\/sitio\/wp-json\/wp\/v2\/categories?post=44234"},{"taxonomy":"post_tag","embeddable":true,"href":"https:\/\/eldiariodesanpedro.com.ar\/sitio\/wp-json\/wp\/v2\/tags?post=44234"}],"curies":[{"name":"wp","href":"https:\/\/api.w.org\/{rel}","templated":true}]}}