{"id":44231,"date":"2018-11-26T18:27:41","date_gmt":"2018-11-26T21:27:41","guid":{"rendered":"https:\/\/eldiariodesanpedro.com.ar\/sitio\/?p=44231"},"modified":"2018-11-26T18:27:41","modified_gmt":"2018-11-26T21:27:41","slug":"san-nicolas-se-aprobo-la-creacion-del-polo-universitario","status":"publish","type":"post","link":"https:\/\/eldiariodesanpedro.com.ar\/sitio\/san-nicolas-se-aprobo-la-creacion-del-polo-universitario\/","title":{"rendered":"SAN NICOL\u00c1S:  Se aprob\u00f3 la creaci\u00f3n del Polo Universitario"},"content":{"rendered":"<p><!-- VideographyWP Plugin Message: Automatic video embedding prevented by plugin options. --><br \/>\nEl jueves 22 de noviembre se realiz\u00f3 la \u00faltima Sesi\u00f3n Ordinaria del periodo legislativo del a\u00f1o 2018 en la que se aprobaron importantes proyectos.\u00ad<br \/>\nDurante el desarrollo de la Sesi\u00f3n, el Cuerpo Legislativo sancion\u00f3 por unanimidad la creaci\u00f3n del Polo Universitario San Nicol\u00e1s, que estar\u00e1 destinado al sistema de educaci\u00f3n, p\u00fablica y\/o privada, integrado por un conjunto de establecimientos educativos, con oferta destinada a diferentes niveles de educaci\u00f3n superior terciaria y universitaria, cuya organizaci\u00f3n, funcionamiento y articulaci\u00f3n estar\u00e1 a cargo del Departamento Ejecutivo.<\/p>\n<p>Tambi\u00e9n se ratificaron varios convenios suscriptos por Intendente Municipal, entre los que se destacan, los celebrados con el Ministerio Publico de la Provincia de Buenos Aires representado por el Sr. Procurador General de la S.C.B.A. Dr. Julio M. Cont\u00e9 Grand.\u00ad Estos Convenios tiene por finalidad acordar un marco institucional entre las partes que facilite la cooperaci\u00f3n, la colaboraci\u00f3n y el intercambio de informaci\u00f3n y conocimientos espec\u00edficos con miras a optimizar la prestaci\u00f3n de los servicios que brindan a la comunidad en el \u00e1mbito de sus respectivas competencias\u037e el fortalecimiento de la capacidad de gesti\u00f3n\u037e la formaci\u00f3n y la capacitaci\u00f3n del personal que presta servicios\u037e el desarrollo y la incorporaci\u00f3n gradual de medios de interacci\u00f3n y comunicaci\u00f3n digitales que optimicen los tiempos de respuesta y brinden mayor transparencia, y la utilizaci\u00f3n de los medios disponibles para alcanzar los objetivos comunes que las partes persiguen principalmente en materia de seguridad p\u00fablica y acceso a la justicia.<\/p>\n<p>Tambi\u00e9n Ministerio P\u00fablico de la Provincia de Buenos Aires asume el compromiso de planificar y ejecutar procesos de capacitaci\u00f3n para los empleados municipales que integran o colaboran con la polic\u00eda municipal, el centro de monitoreo (c\u00e1maras) de la Municipalidad, el \u00e1rea de tr\u00e1nsito municipal y\/o cualquier otra \u00e1rea que sea de inter\u00e9s de la Municipalidad, con particular enfoque en aspectos relativos a la preservaci\u00f3n de medios de prueba, procedimiento penal, garant\u00edas constitucionales, competencias de los empleados municipales ante la comisi\u00f3n de delitos, sin perjuicio de otras materias de su competencia que pudieran resultar de especial inter\u00e9s para la Municipalidad. <\/p>\n<p>Adem\u00e1s se acord\u00f3 establecer mecanismos \u00e1giles, seguros y eficientes para el acceso por parte del Ministerio Publico de la Provincia de Buenos Aires a los Desarrollos Tecnol\u00f3gicos que la Municipalidad posee en materia de seguridad, como as\u00ed tambi\u00e9n la facilitaci\u00f3n de informaci\u00f3n y\/o documentaci\u00f3n sobre presuntos delitos que se cometan en su territorio y que se obtengan a partir de los Desarrollos Tecnol\u00f3gicos, con el fin de mejorar el resultado de las investigaciones penales preparatorias que el MPBA lleva adelante a trav\u00e9s de las Unidades Fiscales de Investigaci\u00f3n en el marco de las competencias y funciones que le son propias. <\/p>\n<p>Por su parte, a Municipalidad de San Nicol\u00e1s, pone a disposici\u00f3n del Ministerio Publico de la Provincia de Buenos Aires, las herramientas y desarrollos tecnol\u00f3gicos que ha implementado en materia de seguridad urbana.\u00ad <\/p>\n<p>Otro proyecto de Ordenanza aprobado por unanimidad es el que adjudica los inmuebles a los vecino de Villa Hermosa y Villa Tranquila que fueron recientemente reubicados.<\/p>\n","protected":false},"excerpt":{"rendered":"<p>El jueves 22 de noviembre se realiz\u00f3 la \u00faltima Sesi\u00f3n Ordinaria del periodo legislativo del a\u00f1o 2018 en la que se aprobaron importantes proyectos.\u00ad Durante el desarrollo de la Sesi\u00f3n, el Cuerpo Legislativo sancion\u00f3 por unanimidad la creaci\u00f3n del Polo Universitario San Nicol\u00e1s, que estar\u00e1 destinado al sistema de educaci\u00f3n, p\u00fablica y\/o privada, integrado por [&hellip;]<\/p>\n","protected":false},"author":4,"featured_media":44232,"comment_status":"open","ping_status":"closed","sticky":false,"template":"","format":"standard","meta":{"om_disable_all_campaigns":false,"_jetpack_memberships_contains_paid_content":false,"footnotes":""},"categories":[621],"tags":[],"class_list":["post-44231","post","type-post","status-publish","format-standard","has-post-thumbnail","hentry","category-regionales"],"aioseo_notices":[],"gutentor_comment":0,"jetpack_featured_media_url":"https:\/\/eldiariodesanpedro.com.ar\/sitio\/wp-content\/uploads\/2018\/11\/no_ueucn9vtnxxkw66nop1cpibje2emdc1t07ojdnf3hpt1.jpg","jetpack_shortlink":"https:\/\/wp.me\/p6RhLt-bvp","jetpack_sharing_enabled":true,"_links":{"self":[{"href":"https:\/\/eldiariodesanpedro.com.ar\/sitio\/wp-json\/wp\/v2\/posts\/44231","targetHints":{"allow":["GET"]}}],"collection":[{"href":"https:\/\/eldiariodesanpedro.com.ar\/sitio\/wp-json\/wp\/v2\/posts"}],"about":[{"href":"https:\/\/eldiariodesanpedro.com.ar\/sitio\/wp-json\/wp\/v2\/types\/post"}],"author":[{"embeddable":true,"href":"https:\/\/eldiariodesanpedro.com.ar\/sitio\/wp-json\/wp\/v2\/users\/4"}],"replies":[{"embeddable":true,"href":"https:\/\/eldiariodesanpedro.com.ar\/sitio\/wp-json\/wp\/v2\/comments?post=44231"}],"version-history":[{"count":1,"href":"https:\/\/eldiariodesanpedro.com.ar\/sitio\/wp-json\/wp\/v2\/posts\/44231\/revisions"}],"predecessor-version":[{"id":44233,"href":"https:\/\/eldiariodesanpedro.com.ar\/sitio\/wp-json\/wp\/v2\/posts\/44231\/revisions\/44233"}],"wp:featuredmedia":[{"embeddable":true,"href":"https:\/\/eldiariodesanpedro.com.ar\/sitio\/wp-json\/wp\/v2\/media\/44232"}],"wp:attachment":[{"href":"https:\/\/eldiariodesanpedro.com.ar\/sitio\/wp-json\/wp\/v2\/media?parent=44231"}],"wp:term":[{"taxonomy":"category","embeddable":true,"href":"https:\/\/eldiariodesanpedro.com.ar\/sitio\/wp-json\/wp\/v2\/categories?post=44231"},{"taxonomy":"post_tag","embeddable":true,"href":"https:\/\/eldiariodesanpedro.com.ar\/sitio\/wp-json\/wp\/v2\/tags?post=44231"}],"curies":[{"name":"wp","href":"https:\/\/api.w.org\/{rel}","templated":true}]}}