{"id":44228,"date":"2018-11-26T18:25:23","date_gmt":"2018-11-26T21:25:23","guid":{"rendered":"https:\/\/eldiariodesanpedro.com.ar\/sitio\/?p=44228"},"modified":"2018-11-26T18:25:23","modified_gmt":"2018-11-26T21:25:23","slug":"zarate-incendio-de-magnitud-en-el-complejo-zarate-brazo-largo","status":"publish","type":"post","link":"https:\/\/eldiariodesanpedro.com.ar\/sitio\/zarate-incendio-de-magnitud-en-el-complejo-zarate-brazo-largo\/","title":{"rendered":"Z\u00c1RATE: Incendio de magnitud en el Complejo Z\u00e1rate Brazo Largo"},"content":{"rendered":"<p><!-- VideographyWP Plugin Message: Automatic video embedding prevented by plugin options. --><br \/>\nUn almac\u00e9n, una vivienda y un autom\u00f3vil fueron afectados durante la madrugada por un gran incendio de magnitud en el Complejo Z\u00e1rate Brazo Largo, km 110 de Ruta N\u00b0 12.<br \/>\nDos dotaciones de Bomberos Voluntarios de Z\u00e1rate trabajaron por m\u00e1s de una hora en el lugar, registr\u00e1ndose importantes p\u00e9rdidas materiales.<\/p>\n<p>Desde el cuartel confirmaron que no hubo personas heridas.<\/p>\n<p>Fuente: Enlace Critico<\/p>\n","protected":false},"excerpt":{"rendered":"<p>Un almac\u00e9n, una vivienda y un autom\u00f3vil fueron afectados durante la madrugada por un gran incendio de magnitud en el Complejo Z\u00e1rate Brazo Largo, km 110 de Ruta N\u00b0 12. Dos dotaciones de Bomberos Voluntarios de Z\u00e1rate trabajaron por m\u00e1s de una hora en el lugar, registr\u00e1ndose importantes p\u00e9rdidas materiales. Desde el cuartel confirmaron que [&hellip;]<\/p>\n","protected":false},"author":4,"featured_media":44229,"comment_status":"open","ping_status":"closed","sticky":false,"template":"","format":"standard","meta":{"om_disable_all_campaigns":false,"_jetpack_memberships_contains_paid_content":false,"footnotes":""},"categories":[621],"tags":[],"class_list":["post-44228","post","type-post","status-publish","format-standard","has-post-thumbnail","hentry","category-regionales"],"aioseo_notices":[],"gutentor_comment":0,"jetpack_featured_media_url":"https:\/\/eldiariodesanpedro.com.ar\/sitio\/wp-content\/uploads\/2018\/11\/sin_titulo_104.jpg","jetpack_shortlink":"https:\/\/wp.me\/p6RhLt-bvm","jetpack_sharing_enabled":true,"_links":{"self":[{"href":"https:\/\/eldiariodesanpedro.com.ar\/sitio\/wp-json\/wp\/v2\/posts\/44228","targetHints":{"allow":["GET"]}}],"collection":[{"href":"https:\/\/eldiariodesanpedro.com.ar\/sitio\/wp-json\/wp\/v2\/posts"}],"about":[{"href":"https:\/\/eldiariodesanpedro.com.ar\/sitio\/wp-json\/wp\/v2\/types\/post"}],"author":[{"embeddable":true,"href":"https:\/\/eldiariodesanpedro.com.ar\/sitio\/wp-json\/wp\/v2\/users\/4"}],"replies":[{"embeddable":true,"href":"https:\/\/eldiariodesanpedro.com.ar\/sitio\/wp-json\/wp\/v2\/comments?post=44228"}],"version-history":[{"count":1,"href":"https:\/\/eldiariodesanpedro.com.ar\/sitio\/wp-json\/wp\/v2\/posts\/44228\/revisions"}],"predecessor-version":[{"id":44230,"href":"https:\/\/eldiariodesanpedro.com.ar\/sitio\/wp-json\/wp\/v2\/posts\/44228\/revisions\/44230"}],"wp:featuredmedia":[{"embeddable":true,"href":"https:\/\/eldiariodesanpedro.com.ar\/sitio\/wp-json\/wp\/v2\/media\/44229"}],"wp:attachment":[{"href":"https:\/\/eldiariodesanpedro.com.ar\/sitio\/wp-json\/wp\/v2\/media?parent=44228"}],"wp:term":[{"taxonomy":"category","embeddable":true,"href":"https:\/\/eldiariodesanpedro.com.ar\/sitio\/wp-json\/wp\/v2\/categories?post=44228"},{"taxonomy":"post_tag","embeddable":true,"href":"https:\/\/eldiariodesanpedro.com.ar\/sitio\/wp-json\/wp\/v2\/tags?post=44228"}],"curies":[{"name":"wp","href":"https:\/\/api.w.org\/{rel}","templated":true}]}}