{"id":44214,"date":"2018-11-26T15:56:47","date_gmt":"2018-11-26T18:56:47","guid":{"rendered":"https:\/\/eldiariodesanpedro.com.ar\/sitio\/?p=44214"},"modified":"2018-11-26T15:56:47","modified_gmt":"2018-11-26T18:56:47","slug":"amenaza-de-bomba-en-el-banco-industrial","status":"publish","type":"post","link":"https:\/\/eldiariodesanpedro.com.ar\/sitio\/amenaza-de-bomba-en-el-banco-industrial\/","title":{"rendered":"Amenaza de bomba en el Banco Industrial"},"content":{"rendered":"<p><!-- VideographyWP Plugin Message: Automatic video embedding prevented by plugin options. --><br \/>\nNuevamente en horas del mediod\u00eda, un llamado telef\u00f3nico an\u00f3nimo fue recibido en el Banco Industrial. Es la tercera vez que sucede este evento en lo que va del a\u00f1o en ese lugar.<\/p>\n<p>Personal de inspecci\u00f3n, comisaria y personal a cargo de la DDI iniciaron la evacuaci\u00f3n del edificio y cercan\u00edas, ademas el transito esta cortado por Pellegrini al 600.<\/p>\n<p>En estos momento se aguarda la llegada de la Brigada de explosivos de San Nicol\u00e1s.<\/p>\n<p><img decoding=\"async\" data-attachment-id=\"44201\" data-permalink=\"https:\/\/eldiariodesanpedro.com.ar\/sitio\/img_20181126_141907421\/\" data-orig-file=\"https:\/\/eldiariodesanpedro.com.ar\/sitio\/wp-content\/uploads\/2018\/11\/IMG_20181126_141907421.jpg\" data-orig-size=\"4160,3120\" data-comments-opened=\"1\" data-image-meta=\"{&quot;aperture&quot;:&quot;2&quot;,&quot;credit&quot;:&quot;&quot;,&quot;camera&quot;:&quot;MotoG3&quot;,&quot;caption&quot;:&quot;&quot;,&quot;created_timestamp&quot;:&quot;1543241947&quot;,&quot;copyright&quot;:&quot;&quot;,&quot;focal_length&quot;:&quot;3.64&quot;,&quot;iso&quot;:&quot;50&quot;,&quot;shutter_speed&quot;:&quot;0.00089&quot;,&quot;title&quot;:&quot;&quot;,&quot;orientation&quot;:&quot;0&quot;}\" data-image-title=\"IMG_20181126_141907421\" data-image-description=\"\" data-image-caption=\"\" data-large-file=\"https:\/\/eldiariodesanpedro.com.ar\/sitio\/wp-content\/uploads\/2018\/11\/IMG_20181126_141907421-1024x768.jpg\" class=\"alignnone size-large wp-image-44201 lazyload\" data-src=\"https:\/\/eldiariodesanpedro.com.ar\/sitio\/wp-content\/uploads\/2018\/11\/IMG_20181126_141907421-1024x768.jpg\" alt=\"\" width=\"660\" height=\"495\" data-srcset=\"https:\/\/eldiariodesanpedro.com.ar\/sitio\/wp-content\/uploads\/2018\/11\/IMG_20181126_141907421-1024x768.jpg 1024w, https:\/\/eldiariodesanpedro.com.ar\/sitio\/wp-content\/uploads\/2018\/11\/IMG_20181126_141907421-300x225.jpg 300w, https:\/\/eldiariodesanpedro.com.ar\/sitio\/wp-content\/uploads\/2018\/11\/IMG_20181126_141907421-768x576.jpg 768w\" data-sizes=\"(max-width: 660px) 100vw, 660px\" src=\"data:image\/svg+xml;base64,PHN2ZyB3aWR0aD0iMSIgaGVpZ2h0PSIxIiB4bWxucz0iaHR0cDovL3d3dy53My5vcmcvMjAwMC9zdmciPjwvc3ZnPg==\" style=\"--smush-placeholder-width: 660px; --smush-placeholder-aspect-ratio: 660\/495;\" \/><\/p>\n<p><img decoding=\"async\" data-attachment-id=\"44200\" data-permalink=\"https:\/\/eldiariodesanpedro.com.ar\/sitio\/img_20181126_141910221\/\" data-orig-file=\"https:\/\/eldiariodesanpedro.com.ar\/sitio\/wp-content\/uploads\/2018\/11\/IMG_20181126_141910221-e1543258562250.jpg\" data-orig-size=\"1200,900\" data-comments-opened=\"1\" data-image-meta=\"{&quot;aperture&quot;:&quot;2&quot;,&quot;credit&quot;:&quot;&quot;,&quot;camera&quot;:&quot;MotoG3&quot;,&quot;caption&quot;:&quot;&quot;,&quot;created_timestamp&quot;:&quot;1543241949&quot;,&quot;copyright&quot;:&quot;&quot;,&quot;focal_length&quot;:&quot;3.64&quot;,&quot;iso&quot;:&quot;50&quot;,&quot;shutter_speed&quot;:&quot;0.00089&quot;,&quot;title&quot;:&quot;&quot;,&quot;orientation&quot;:&quot;0&quot;}\" data-image-title=\"IMG_20181126_141910221\" data-image-description=\"\" data-image-caption=\"\" data-large-file=\"https:\/\/eldiariodesanpedro.com.ar\/sitio\/wp-content\/uploads\/2018\/11\/IMG_20181126_141910221-1024x768.jpg\" class=\"alignnone size-large wp-image-44200 lazyload\" data-src=\"https:\/\/eldiariodesanpedro.com.ar\/sitio\/wp-content\/uploads\/2018\/11\/IMG_20181126_141910221-1024x768.jpg\" alt=\"\" width=\"660\" height=\"495\" src=\"data:image\/svg+xml;base64,PHN2ZyB3aWR0aD0iMSIgaGVpZ2h0PSIxIiB4bWxucz0iaHR0cDovL3d3dy53My5vcmcvMjAwMC9zdmciPjwvc3ZnPg==\" style=\"--smush-placeholder-width: 660px; --smush-placeholder-aspect-ratio: 660\/495;\" \/><\/p>\n<p><img decoding=\"async\" data-attachment-id=\"44199\" data-permalink=\"https:\/\/eldiariodesanpedro.com.ar\/sitio\/img_20181126_141936473_hdr\/\" data-orig-file=\"https:\/\/eldiariodesanpedro.com.ar\/sitio\/wp-content\/uploads\/2018\/11\/IMG_20181126_141936473_HDR.jpg\" data-orig-size=\"4160,3120\" data-comments-opened=\"1\" data-image-meta=\"{&quot;aperture&quot;:&quot;2&quot;,&quot;credit&quot;:&quot;&quot;,&quot;camera&quot;:&quot;MotoG3&quot;,&quot;caption&quot;:&quot;&quot;,&quot;created_timestamp&quot;:&quot;1543241976&quot;,&quot;copyright&quot;:&quot;&quot;,&quot;focal_length&quot;:&quot;3.64&quot;,&quot;iso&quot;:&quot;50&quot;,&quot;shutter_speed&quot;:&quot;0.00143&quot;,&quot;title&quot;:&quot;&quot;,&quot;orientation&quot;:&quot;0&quot;}\" data-image-title=\"IMG_20181126_141936473_HDR\" data-image-description=\"\" data-image-caption=\"\" data-large-file=\"https:\/\/eldiariodesanpedro.com.ar\/sitio\/wp-content\/uploads\/2018\/11\/IMG_20181126_141936473_HDR-1024x768.jpg\" class=\"alignnone size-large wp-image-44199 lazyload\" data-src=\"https:\/\/eldiariodesanpedro.com.ar\/sitio\/wp-content\/uploads\/2018\/11\/IMG_20181126_141936473_HDR-1024x768.jpg\" alt=\"\" width=\"660\" height=\"495\" data-srcset=\"https:\/\/eldiariodesanpedro.com.ar\/sitio\/wp-content\/uploads\/2018\/11\/IMG_20181126_141936473_HDR-1024x768.jpg 1024w, https:\/\/eldiariodesanpedro.com.ar\/sitio\/wp-content\/uploads\/2018\/11\/IMG_20181126_141936473_HDR-300x225.jpg 300w, https:\/\/eldiariodesanpedro.com.ar\/sitio\/wp-content\/uploads\/2018\/11\/IMG_20181126_141936473_HDR-768x576.jpg 768w\" data-sizes=\"(max-width: 660px) 100vw, 660px\" src=\"data:image\/svg+xml;base64,PHN2ZyB3aWR0aD0iMSIgaGVpZ2h0PSIxIiB4bWxucz0iaHR0cDovL3d3dy53My5vcmcvMjAwMC9zdmciPjwvc3ZnPg==\" style=\"--smush-placeholder-width: 660px; --smush-placeholder-aspect-ratio: 660\/495;\" \/><\/p>\n<p><img decoding=\"async\" data-attachment-id=\"44198\" data-permalink=\"https:\/\/eldiariodesanpedro.com.ar\/sitio\/img_20181126_141941543_hdr\/\" data-orig-file=\"https:\/\/eldiariodesanpedro.com.ar\/sitio\/wp-content\/uploads\/2018\/11\/IMG_20181126_141941543_HDR.jpg\" data-orig-size=\"4160,3120\" data-comments-opened=\"1\" data-image-meta=\"{&quot;aperture&quot;:&quot;2&quot;,&quot;credit&quot;:&quot;&quot;,&quot;camera&quot;:&quot;MotoG3&quot;,&quot;caption&quot;:&quot;&quot;,&quot;created_timestamp&quot;:&quot;1543241981&quot;,&quot;copyright&quot;:&quot;&quot;,&quot;focal_length&quot;:&quot;3.64&quot;,&quot;iso&quot;:&quot;50&quot;,&quot;shutter_speed&quot;:&quot;0.00302&quot;,&quot;title&quot;:&quot;&quot;,&quot;orientation&quot;:&quot;0&quot;}\" data-image-title=\"IMG_20181126_141941543_HDR\" data-image-description=\"\" data-image-caption=\"\" data-large-file=\"https:\/\/eldiariodesanpedro.com.ar\/sitio\/wp-content\/uploads\/2018\/11\/IMG_20181126_141941543_HDR-1024x768.jpg\" class=\"alignnone size-large wp-image-44198 lazyload\" data-src=\"https:\/\/eldiariodesanpedro.com.ar\/sitio\/wp-content\/uploads\/2018\/11\/IMG_20181126_141941543_HDR-1024x768.jpg\" alt=\"\" width=\"660\" height=\"495\" data-srcset=\"https:\/\/eldiariodesanpedro.com.ar\/sitio\/wp-content\/uploads\/2018\/11\/IMG_20181126_141941543_HDR-1024x768.jpg 1024w, https:\/\/eldiariodesanpedro.com.ar\/sitio\/wp-content\/uploads\/2018\/11\/IMG_20181126_141941543_HDR-300x225.jpg 300w, https:\/\/eldiariodesanpedro.com.ar\/sitio\/wp-content\/uploads\/2018\/11\/IMG_20181126_141941543_HDR-768x576.jpg 768w\" data-sizes=\"(max-width: 660px) 100vw, 660px\" src=\"data:image\/svg+xml;base64,PHN2ZyB3aWR0aD0iMSIgaGVpZ2h0PSIxIiB4bWxucz0iaHR0cDovL3d3dy53My5vcmcvMjAwMC9zdmciPjwvc3ZnPg==\" style=\"--smush-placeholder-width: 660px; --smush-placeholder-aspect-ratio: 660\/495;\" \/><\/p>\n","protected":false},"excerpt":{"rendered":"<p>Nuevamente en horas del mediod\u00eda, un llamado telef\u00f3nico an\u00f3nimo fue recibido en el Banco Industrial. Es la tercera vez que sucede este evento en lo que va del a\u00f1o en ese lugar. Personal de inspecci\u00f3n, comisaria y personal a cargo de la DDI iniciaron la evacuaci\u00f3n del edificio y cercan\u00edas, ademas el transito esta cortado [&hellip;]<\/p>\n","protected":false},"author":4,"featured_media":44200,"comment_status":"open","ping_status":"closed","sticky":false,"template":"","format":"standard","meta":{"om_disable_all_campaigns":false,"_jetpack_memberships_contains_paid_content":false,"footnotes":""},"categories":[2,103],"tags":[],"class_list":["post-44214","post","type-post","status-publish","format-standard","has-post-thumbnail","hentry","category-locales","category-policiales-locales"],"aioseo_notices":[],"gutentor_comment":0,"jetpack_featured_media_url":"https:\/\/eldiariodesanpedro.com.ar\/sitio\/wp-content\/uploads\/2018\/11\/IMG_20181126_141910221-e1543258562250.jpg","jetpack_shortlink":"https:\/\/wp.me\/p6RhLt-bv8","jetpack_sharing_enabled":true,"_links":{"self":[{"href":"https:\/\/eldiariodesanpedro.com.ar\/sitio\/wp-json\/wp\/v2\/posts\/44214","targetHints":{"allow":["GET"]}}],"collection":[{"href":"https:\/\/eldiariodesanpedro.com.ar\/sitio\/wp-json\/wp\/v2\/posts"}],"about":[{"href":"https:\/\/eldiariodesanpedro.com.ar\/sitio\/wp-json\/wp\/v2\/types\/post"}],"author":[{"embeddable":true,"href":"https:\/\/eldiariodesanpedro.com.ar\/sitio\/wp-json\/wp\/v2\/users\/4"}],"replies":[{"embeddable":true,"href":"https:\/\/eldiariodesanpedro.com.ar\/sitio\/wp-json\/wp\/v2\/comments?post=44214"}],"version-history":[{"count":1,"href":"https:\/\/eldiariodesanpedro.com.ar\/sitio\/wp-json\/wp\/v2\/posts\/44214\/revisions"}],"predecessor-version":[{"id":44215,"href":"https:\/\/eldiariodesanpedro.com.ar\/sitio\/wp-json\/wp\/v2\/posts\/44214\/revisions\/44215"}],"wp:featuredmedia":[{"embeddable":true,"href":"https:\/\/eldiariodesanpedro.com.ar\/sitio\/wp-json\/wp\/v2\/media\/44200"}],"wp:attachment":[{"href":"https:\/\/eldiariodesanpedro.com.ar\/sitio\/wp-json\/wp\/v2\/media?parent=44214"}],"wp:term":[{"taxonomy":"category","embeddable":true,"href":"https:\/\/eldiariodesanpedro.com.ar\/sitio\/wp-json\/wp\/v2\/categories?post=44214"},{"taxonomy":"post_tag","embeddable":true,"href":"https:\/\/eldiariodesanpedro.com.ar\/sitio\/wp-json\/wp\/v2\/tags?post=44214"}],"curies":[{"name":"wp","href":"https:\/\/api.w.org\/{rel}","templated":true}]}}