{"id":44192,"date":"2018-11-26T12:07:01","date_gmt":"2018-11-26T15:07:01","guid":{"rendered":"https:\/\/eldiariodesanpedro.com.ar\/sitio\/?p=44192"},"modified":"2018-11-26T12:07:01","modified_gmt":"2018-11-26T15:07:01","slug":"baradero-comenzaron-con-el-armado-del-anfiteatro-para-el-show-de-don-osvaldo","status":"publish","type":"post","link":"https:\/\/eldiariodesanpedro.com.ar\/sitio\/baradero-comenzaron-con-el-armado-del-anfiteatro-para-el-show-de-don-osvaldo\/","title":{"rendered":"BARADERO: Comenzaron con el armado del Anfiteatro para el show de \u201cDon Osvaldo\u201d"},"content":{"rendered":"<p><!-- VideographyWP Plugin Message: Automatic video embedding prevented by plugin options. --><br \/>\nLa banda del Pato Fontanet brindar\u00e1 el primero, de los dos shows en Baradero. Ser\u00e1 este s\u00e1bado 1\u00ba y domingo 2\u00ba de diciembre. En la ma\u00f1ana de hoy parte de la productora, organizadora del evento, comenz\u00f3 con las tareas de montaje del escenario en el anfiteatro municipal.<\/p>\n<p>El m\u00f3vil de Tu Radio recorri\u00f3 las instalaciones del predio ubicado en avenida San Mart\u00edn donde el pr\u00f3ximo fin de semana actuar\u00e1 el ex \u201cCallejeros\u201d.<\/p>\n<p>Ser\u00e1 el primero de los dos shows que brindar\u00e1n en Baradero.<\/p>\n<p>Esta ma\u00f1ana varios camiones arribaron alrededor de las 9.00 y en su interior tra\u00edan materiales con los que se montar\u00e1 la estructura de iluminaci\u00f3n, sonido y pantalla gigante.<\/p>\n<p>Cabe recordar que el primer espect\u00e1culo ser\u00e1 este s\u00e1bado 1\u00ba y domingo 2\u00ba de diciembre.<\/p>\n<p>Fuente: Tu L\u00ednea Directa<\/p>\n<p><img decoding=\"async\" data-attachment-id=\"44194\" data-permalink=\"https:\/\/eldiariodesanpedro.com.ar\/sitio\/baradero-comenzaron-con-el-armado-del-anfiteatro-para-el-show-de-don-osvaldo\/whatsapp-image-2018-11-26-at-10-58-04-am-300x169\/\" data-orig-file=\"https:\/\/eldiariodesanpedro.com.ar\/sitio\/wp-content\/uploads\/2018\/11\/WhatsApp-Image-2018-11-26-at-10.58.04-AM-300x169.jpeg\" data-orig-size=\"300,169\" data-comments-opened=\"1\" data-image-meta=\"{&quot;aperture&quot;:&quot;0&quot;,&quot;credit&quot;:&quot;&quot;,&quot;camera&quot;:&quot;&quot;,&quot;caption&quot;:&quot;&quot;,&quot;created_timestamp&quot;:&quot;0&quot;,&quot;copyright&quot;:&quot;&quot;,&quot;focal_length&quot;:&quot;0&quot;,&quot;iso&quot;:&quot;0&quot;,&quot;shutter_speed&quot;:&quot;0&quot;,&quot;title&quot;:&quot;&quot;,&quot;orientation&quot;:&quot;0&quot;}\" data-image-title=\"WhatsApp-Image-2018-11-26-at-10.58.04-AM-300&amp;#215;169\" data-image-description=\"\" data-image-caption=\"\" data-large-file=\"https:\/\/eldiariodesanpedro.com.ar\/sitio\/wp-content\/uploads\/2018\/11\/WhatsApp-Image-2018-11-26-at-10.58.04-AM-300x169.jpeg\" data-src=\"https:\/\/eldiariodesanpedro.com.ar\/sitio\/wp-content\/uploads\/2018\/11\/WhatsApp-Image-2018-11-26-at-10.58.04-AM-300x169.jpeg\" alt=\"\" width=\"300\" height=\"169\" class=\"alignnone size-full wp-image-44194 lazyload\" src=\"data:image\/svg+xml;base64,PHN2ZyB3aWR0aD0iMSIgaGVpZ2h0PSIxIiB4bWxucz0iaHR0cDovL3d3dy53My5vcmcvMjAwMC9zdmciPjwvc3ZnPg==\" style=\"--smush-placeholder-width: 300px; --smush-placeholder-aspect-ratio: 300\/169;\" \/><\/p>\n","protected":false},"excerpt":{"rendered":"<p>La banda del Pato Fontanet brindar\u00e1 el primero, de los dos shows en Baradero. Ser\u00e1 este s\u00e1bado 1\u00ba y domingo 2\u00ba de diciembre. En la ma\u00f1ana de hoy parte de la productora, organizadora del evento, comenz\u00f3 con las tareas de montaje del escenario en el anfiteatro municipal. El m\u00f3vil de Tu Radio recorri\u00f3 las instalaciones [&hellip;]<\/p>\n","protected":false},"author":4,"featured_media":44193,"comment_status":"open","ping_status":"closed","sticky":false,"template":"","format":"standard","meta":{"om_disable_all_campaigns":false,"_jetpack_memberships_contains_paid_content":false,"footnotes":""},"categories":[621],"tags":[],"class_list":["post-44192","post","type-post","status-publish","format-standard","has-post-thumbnail","hentry","category-regionales"],"aioseo_notices":[],"gutentor_comment":0,"jetpack_featured_media_url":"https:\/\/eldiariodesanpedro.com.ar\/sitio\/wp-content\/uploads\/2018\/11\/WhatsApp-Image-2018-11-26-at-10.58.03-AM.jpeg","jetpack_shortlink":"https:\/\/wp.me\/p6RhLt-buM","jetpack_sharing_enabled":true,"_links":{"self":[{"href":"https:\/\/eldiariodesanpedro.com.ar\/sitio\/wp-json\/wp\/v2\/posts\/44192","targetHints":{"allow":["GET"]}}],"collection":[{"href":"https:\/\/eldiariodesanpedro.com.ar\/sitio\/wp-json\/wp\/v2\/posts"}],"about":[{"href":"https:\/\/eldiariodesanpedro.com.ar\/sitio\/wp-json\/wp\/v2\/types\/post"}],"author":[{"embeddable":true,"href":"https:\/\/eldiariodesanpedro.com.ar\/sitio\/wp-json\/wp\/v2\/users\/4"}],"replies":[{"embeddable":true,"href":"https:\/\/eldiariodesanpedro.com.ar\/sitio\/wp-json\/wp\/v2\/comments?post=44192"}],"version-history":[{"count":1,"href":"https:\/\/eldiariodesanpedro.com.ar\/sitio\/wp-json\/wp\/v2\/posts\/44192\/revisions"}],"predecessor-version":[{"id":44195,"href":"https:\/\/eldiariodesanpedro.com.ar\/sitio\/wp-json\/wp\/v2\/posts\/44192\/revisions\/44195"}],"wp:featuredmedia":[{"embeddable":true,"href":"https:\/\/eldiariodesanpedro.com.ar\/sitio\/wp-json\/wp\/v2\/media\/44193"}],"wp:attachment":[{"href":"https:\/\/eldiariodesanpedro.com.ar\/sitio\/wp-json\/wp\/v2\/media?parent=44192"}],"wp:term":[{"taxonomy":"category","embeddable":true,"href":"https:\/\/eldiariodesanpedro.com.ar\/sitio\/wp-json\/wp\/v2\/categories?post=44192"},{"taxonomy":"post_tag","embeddable":true,"href":"https:\/\/eldiariodesanpedro.com.ar\/sitio\/wp-json\/wp\/v2\/tags?post=44192"}],"curies":[{"name":"wp","href":"https:\/\/api.w.org\/{rel}","templated":true}]}}