{"id":44179,"date":"2018-11-26T11:15:27","date_gmt":"2018-11-26T14:15:27","guid":{"rendered":"https:\/\/eldiariodesanpedro.com.ar\/sitio\/?p=44179"},"modified":"2018-11-26T11:15:27","modified_gmt":"2018-11-26T14:15:27","slug":"matias-padilla-fue-telonero-de-romeo-santos","status":"publish","type":"post","link":"https:\/\/eldiariodesanpedro.com.ar\/sitio\/matias-padilla-fue-telonero-de-romeo-santos\/","title":{"rendered":"Mat\u00edas Padilla fue telonero de Romeo Santos"},"content":{"rendered":"<p><!-- VideographyWP Plugin Message: Automatic video embedding prevented by plugin options. --><br \/>\nEl cantautor sampedrino fue convocado para acompa\u00f1ar a uno de los artistas m\u00e1s convocantes del continente durante sus presentaciones en Buenos Aires.<\/p>\n<p>Con estilo propio y una calidad que supo ser le\u00edda por los productores de los grandes shows de la Argentina, el cantautor sampedrino Mat\u00edas Padilla volvi\u00f3 a vivir una experiencia \u00fanica que lo enfrenta a un desaf\u00edo aun mayor que es el de llegar y poder estar en los escenarios m\u00e1s importantes del pa\u00eds.<\/p>\n<p>A lo largo del fin de semana tuvo el placer de ser parte de la programaci\u00f3n que acompa\u00f1\u00f3 la presentaci\u00f3n de Romeo Santos, el \u201cRey de la Bachata\u201d, en Buenos Aires.<\/p>\n<p>El exitoso artista estadounidense ofreci\u00f3 dos shows en el Hip\u00f3dromo de Palermo y Padilla, que estuvo acompa\u00f1ado por el percusionista Esteban Salvat, fue telonero durante las dos veladas que estuvieron colmadas de p\u00fablico.<\/p>\n<p>El sampedrino ofreci\u00f3 un show de media hora en el que present\u00f3 temas propios y de otros autores, abriendo la noche del s\u00e1bado con su \u00faltima interpretaci\u00f3n \u201cAlgo de M\u00cd\u201d.<\/p>\n<p>Mat\u00edas Padilla ya vivi\u00f3 una experiencia parecida cuando acompa\u00f1\u00f3 la presentaci\u00f3n de Alex Pir\u00e9s en el Luna Park hace unos meses atr\u00e1s; a la vez es el autor del tema principal del \u201cPrende y Apaga\u201d, el exitoso programa que conduc\u00eda el periodista Sergio Lapegue en TN.  <\/p>\n<p>Fuente: San Pedro Informa<\/p>\n<p><img decoding=\"async\" data-attachment-id=\"44181\" data-permalink=\"https:\/\/eldiariodesanpedro.com.ar\/sitio\/matias-padilla-fue-telonero-de-romeo-santos\/attachment\/000073843\/\" data-orig-file=\"https:\/\/eldiariodesanpedro.com.ar\/sitio\/wp-content\/uploads\/2018\/11\/000073843.jpg\" data-orig-size=\"1024,768\" data-comments-opened=\"1\" data-image-meta=\"{&quot;aperture&quot;:&quot;0&quot;,&quot;credit&quot;:&quot;&quot;,&quot;camera&quot;:&quot;&quot;,&quot;caption&quot;:&quot;&quot;,&quot;created_timestamp&quot;:&quot;0&quot;,&quot;copyright&quot;:&quot;&quot;,&quot;focal_length&quot;:&quot;0&quot;,&quot;iso&quot;:&quot;0&quot;,&quot;shutter_speed&quot;:&quot;0&quot;,&quot;title&quot;:&quot;&quot;,&quot;orientation&quot;:&quot;0&quot;}\" data-image-title=\"000073843\" data-image-description=\"\" data-image-caption=\"\" data-large-file=\"https:\/\/eldiariodesanpedro.com.ar\/sitio\/wp-content\/uploads\/2018\/11\/000073843-1024x768.jpg\" data-src=\"https:\/\/eldiariodesanpedro.com.ar\/sitio\/wp-content\/uploads\/2018\/11\/000073843-1024x768.jpg\" alt=\"\" width=\"660\" height=\"495\" class=\"alignnone size-large wp-image-44181 lazyload\" data-srcset=\"https:\/\/eldiariodesanpedro.com.ar\/sitio\/wp-content\/uploads\/2018\/11\/000073843.jpg 1024w, https:\/\/eldiariodesanpedro.com.ar\/sitio\/wp-content\/uploads\/2018\/11\/000073843-300x225.jpg 300w, https:\/\/eldiariodesanpedro.com.ar\/sitio\/wp-content\/uploads\/2018\/11\/000073843-768x576.jpg 768w\" data-sizes=\"(max-width: 660px) 100vw, 660px\" src=\"data:image\/svg+xml;base64,PHN2ZyB3aWR0aD0iMSIgaGVpZ2h0PSIxIiB4bWxucz0iaHR0cDovL3d3dy53My5vcmcvMjAwMC9zdmciPjwvc3ZnPg==\" style=\"--smush-placeholder-width: 660px; --smush-placeholder-aspect-ratio: 660\/495;\" \/><\/p>\n","protected":false},"excerpt":{"rendered":"<p>El cantautor sampedrino fue convocado para acompa\u00f1ar a uno de los artistas m\u00e1s convocantes del continente durante sus presentaciones en Buenos Aires. Con estilo propio y una calidad que supo ser le\u00edda por los productores de los grandes shows de la Argentina, el cantautor sampedrino Mat\u00edas Padilla volvi\u00f3 a vivir una experiencia \u00fanica que lo [&hellip;]<\/p>\n","protected":false},"author":4,"featured_media":44180,"comment_status":"open","ping_status":"closed","sticky":false,"template":"","format":"standard","meta":{"om_disable_all_campaigns":false,"_jetpack_memberships_contains_paid_content":false,"footnotes":""},"categories":[101,2],"tags":[],"class_list":["post-44179","post","type-post","status-publish","format-standard","has-post-thumbnail","hentry","category-interes-general-locales","category-locales"],"aioseo_notices":[],"gutentor_comment":0,"jetpack_featured_media_url":"https:\/\/eldiariodesanpedro.com.ar\/sitio\/wp-content\/uploads\/2018\/11\/000073851.jpg","jetpack_shortlink":"https:\/\/wp.me\/p6RhLt-buz","jetpack_sharing_enabled":true,"_links":{"self":[{"href":"https:\/\/eldiariodesanpedro.com.ar\/sitio\/wp-json\/wp\/v2\/posts\/44179","targetHints":{"allow":["GET"]}}],"collection":[{"href":"https:\/\/eldiariodesanpedro.com.ar\/sitio\/wp-json\/wp\/v2\/posts"}],"about":[{"href":"https:\/\/eldiariodesanpedro.com.ar\/sitio\/wp-json\/wp\/v2\/types\/post"}],"author":[{"embeddable":true,"href":"https:\/\/eldiariodesanpedro.com.ar\/sitio\/wp-json\/wp\/v2\/users\/4"}],"replies":[{"embeddable":true,"href":"https:\/\/eldiariodesanpedro.com.ar\/sitio\/wp-json\/wp\/v2\/comments?post=44179"}],"version-history":[{"count":1,"href":"https:\/\/eldiariodesanpedro.com.ar\/sitio\/wp-json\/wp\/v2\/posts\/44179\/revisions"}],"predecessor-version":[{"id":44182,"href":"https:\/\/eldiariodesanpedro.com.ar\/sitio\/wp-json\/wp\/v2\/posts\/44179\/revisions\/44182"}],"wp:featuredmedia":[{"embeddable":true,"href":"https:\/\/eldiariodesanpedro.com.ar\/sitio\/wp-json\/wp\/v2\/media\/44180"}],"wp:attachment":[{"href":"https:\/\/eldiariodesanpedro.com.ar\/sitio\/wp-json\/wp\/v2\/media?parent=44179"}],"wp:term":[{"taxonomy":"category","embeddable":true,"href":"https:\/\/eldiariodesanpedro.com.ar\/sitio\/wp-json\/wp\/v2\/categories?post=44179"},{"taxonomy":"post_tag","embeddable":true,"href":"https:\/\/eldiariodesanpedro.com.ar\/sitio\/wp-json\/wp\/v2\/tags?post=44179"}],"curies":[{"name":"wp","href":"https:\/\/api.w.org\/{rel}","templated":true}]}}